{"id":931,"date":"2022-02-19T15:44:56","date_gmt":"2022-02-19T15:44:56","guid":{"rendered":"https:\/\/in-frieden-kommen.de\/?p=931"},"modified":"2022-07-22T14:38:52","modified_gmt":"2022-07-22T14:38:52","slug":"das-video-ist-fertig","status":"publish","type":"post","link":"https:\/\/in-frieden-kommen.de\/in-frieden-kommen\/das-video-ist-fertig\/","title":{"rendered":"Das Video ist fertig!"},"content":{"rendered":"\n<p>Gerade ist die erste Version des Fundraising-Videos fertig geworden &#8211;  ich stelle es hier mal f\u00fcr alle &#8222;Early Birds&#8220; zur Verf\u00fcgung: R\u00fcckmeldungen willkommen!<\/p>\n\n\n\n<p>Es ist im August 2021 vor dem Benefizkonzert von Martin Kohlstedt entstanden.<\/p>\n\n\n\n<p><\/p>\n\n\n\n<figure class=\"wp-block-video\"><video height=\"450\" style=\"aspect-ratio: 600 \/ 450;\" width=\"600\" controls src=\"https:\/\/in-frieden-kommen.de\/wp-content\/uploads\/2022\/02\/fundraisingvideogerode.mp4\"><\/video><\/figure>\n\n\n\n<p class=\"has-text-align-center\" style=\"font-size:14px\"><em>Kamera und Regie: Christa Donner<\/em><\/p>\n","protected":false},"excerpt":{"rendered":"<p>Gerade ist die erste Version des Fundraising-Videos fertig geworden &#8211; ich stelle es hier mal f\u00fcr alle &#8222;Early Birds&#8220; zur Verf\u00fcgung: R\u00fcckmeldungen willkommen! Es ist im August 2021 vor dem [&hellip;]<\/p>\n","protected":false},"author":1,"featured_media":0,"comment_status":"open","ping_status":"open","sticky":false,"template":"","format":"standard","meta":{"footnotes":""},"categories":[5],"tags":[8],"class_list":["post-931","post","type-post","status-publish","format-standard","hentry","category-vorbereitung","tag-export","post-preview"],"_links":{"self":[{"href":"https:\/\/in-frieden-kommen.de\/in-frieden-kommen\/wp-json\/wp\/v2\/posts\/931","targetHints":{"allow":["GET"]}}],"collection":[{"href":"https:\/\/in-frieden-kommen.de\/in-frieden-kommen\/wp-json\/wp\/v2\/posts"}],"about":[{"href":"https:\/\/in-frieden-kommen.de\/in-frieden-kommen\/wp-json\/wp\/v2\/types\/post"}],"author":[{"embeddable":true,"href":"https:\/\/in-frieden-kommen.de\/in-frieden-kommen\/wp-json\/wp\/v2\/users\/1"}],"replies":[{"embeddable":true,"href":"https:\/\/in-frieden-kommen.de\/in-frieden-kommen\/wp-json\/wp\/v2\/comments?post=931"}],"version-history":[{"count":3,"href":"https:\/\/in-frieden-kommen.de\/in-frieden-kommen\/wp-json\/wp\/v2\/posts\/931\/revisions"}],"predecessor-version":[{"id":987,"href":"https:\/\/in-frieden-kommen.de\/in-frieden-kommen\/wp-json\/wp\/v2\/posts\/931\/revisions\/987"}],"wp:attachment":[{"href":"https:\/\/in-frieden-kommen.de\/in-frieden-kommen\/wp-json\/wp\/v2\/media?parent=931"}],"wp:term":[{"taxonomy":"category","embeddable":true,"href":"https:\/\/in-frieden-kommen.de\/in-frieden-kommen\/wp-json\/wp\/v2\/categories?post=931"},{"taxonomy":"post_tag","embeddable":true,"href":"https:\/\/in-frieden-kommen.de\/in-frieden-kommen\/wp-json\/wp\/v2\/tags?post=931"}],"curies":[{"name":"wp","href":"https:\/\/api.w.org\/{rel}","templated":true}]}}