{"id":2545,"date":"2023-01-25T15:33:00","date_gmt":"2023-01-25T15:33:00","guid":{"rendered":"https:\/\/in-frieden-kommen.de\/in-frieden-kommen\/?p=2545"},"modified":"2023-01-25T16:15:03","modified_gmt":"2023-01-25T16:15:03","slug":"der-weg-ist-vollendet-ein-kreis-hat-sich-geschlossen","status":"publish","type":"post","link":"https:\/\/in-frieden-kommen.de\/in-frieden-kommen\/der-weg-ist-vollendet-ein-kreis-hat-sich-geschlossen\/","title":{"rendered":"Der Friedensweg ist vollendet &#8211; ein Kreis hat sich geschlossen"},"content":{"rendered":"\n<p>Sylvester 2022\/23 beim Retreat &#8222;Innere Einkehr&#8220; im Kloster Gerode: Das Festmal ist gerichtet. Und ich bin wieder hier an dem vertrauten Ort, um mit meiner Frau Sylvia in der Klostergemeinschaft einen feierlichen, ruhigen \u00dcbergang ins neue Jahr zu erleben &#8211; abseits von L\u00e4rm und  Countdown und in einer inneren Haltung von Offenheit und Empf\u00e4nglichkeit. So wie ich im Pilgern unterwegs war.<\/p>\n\n\n\n<figure class=\"wp-block-image size-large\"><img loading=\"lazy\" decoding=\"async\" width=\"1024\" height=\"576\" src=\"https:\/\/in-frieden-kommen.de\/wp-content\/uploads\/2023\/01\/P1040700-1024x576.jpg\" alt=\"\" class=\"wp-image-2546\" srcset=\"https:\/\/in-frieden-kommen.de\/wp-content\/uploads\/2023\/01\/P1040700-1024x576.jpg 1024w, https:\/\/in-frieden-kommen.de\/wp-content\/uploads\/2023\/01\/P1040700-300x169.jpg 300w, https:\/\/in-frieden-kommen.de\/wp-content\/uploads\/2023\/01\/P1040700-768x432.jpg 768w, https:\/\/in-frieden-kommen.de\/wp-content\/uploads\/2023\/01\/P1040700-1536x864.jpg 1536w, https:\/\/in-frieden-kommen.de\/wp-content\/uploads\/2023\/01\/P1040700-2048x1152.jpg 2048w, https:\/\/in-frieden-kommen.de\/wp-content\/uploads\/2023\/01\/P1040700-676x380.jpg 676w\" sizes=\"auto, (max-width: 1024px) 100vw, 1024px\" \/><\/figure>\n\n\n\n<p>Es wird eine besondere Erfahrung. Seit dem Ende der &#8222;physischen&#8220; Pilgertour war ich mehrfach hier: um zu arbeiten, zu fasten oder um einen Besinnungsraum in den verschiedenen Krisen der vergangenen Monate zu finden. Das Gef\u00fchl war ja immer noch da, dass der Pilgerweg in seiner spirituellen Bedeutung  f\u00fcr mich noch nicht zu Ende war. <\/p>\n\n\n\n<figure class=\"wp-block-image size-full\"><img loading=\"lazy\" decoding=\"async\" width=\"916\" height=\"204\" src=\"https:\/\/in-frieden-kommen.de\/wp-content\/uploads\/2023\/01\/Unbenannt-1.jpg\" alt=\"\" class=\"wp-image-2576\" srcset=\"https:\/\/in-frieden-kommen.de\/wp-content\/uploads\/2023\/01\/Unbenannt-1.jpg 916w, https:\/\/in-frieden-kommen.de\/wp-content\/uploads\/2023\/01\/Unbenannt-1-300x67.jpg 300w, https:\/\/in-frieden-kommen.de\/wp-content\/uploads\/2023\/01\/Unbenannt-1-768x171.jpg 768w, https:\/\/in-frieden-kommen.de\/wp-content\/uploads\/2023\/01\/Unbenannt-1-676x151.jpg 676w\" sizes=\"auto, (max-width: 916px) 100vw, 916px\" \/><\/figure>\n\n\n\n<p>In den Tagen um die Jahreswende hat sich das nun deutlich ver\u00e4ndert in einem intuitiven Wissen und einem geistigem Erkennen, dass der Weg der Friedenssuche an ein Ende gekommen ist; dass sich ein Kreis des Bewusstseins geschlossen hat. <\/p>\n\n\n\n<p>Beim Wegfahren konnte ich diesen Unterschied ganz klar sp\u00fcren und auch benennen: Die Pilgerreise, in der ich selbst als Suchender mit meiner Friedensbitte unterwegs war, hat ihren Zielpunkt erreicht. Sie begann vor fast genau einem Jahr mit den Vorbereitungen zuhause im Januar 2022,  sie startete im Weg der Mitte in Berlin am 7. April 2022, kam an das Ziel am 8. Mai in Gerode und endet nun ein Jahr sp\u00e4ter wieder zuhause im Nachsp\u00fcren und Reflektieren. Die Erkenntnisse, auf die ich \u00fcber die vergangene schwere Zeit gehofft hatte, wurden mir in diesen Tagen der Ruhe und Intimit\u00e4t geschenkt. Und ich erinnere mich an das Symbol f\u00fcr den Weg, das Anna f\u00fcr die Auftaktveranstaltung so wundersch\u00f6n gestaltet hatte:<\/p>\n\n\n\n<p>  <\/p>\n\n\n\n<figure class=\"wp-block-image size-full\"><img loading=\"lazy\" decoding=\"async\" width=\"885\" height=\"297\" src=\"https:\/\/in-frieden-kommen.de\/wp-content\/uploads\/2023\/01\/weg.jpg\" alt=\"\" class=\"wp-image-2578\" srcset=\"https:\/\/in-frieden-kommen.de\/wp-content\/uploads\/2023\/01\/weg.jpg 885w, https:\/\/in-frieden-kommen.de\/wp-content\/uploads\/2023\/01\/weg-300x101.jpg 300w, https:\/\/in-frieden-kommen.de\/wp-content\/uploads\/2023\/01\/weg-768x258.jpg 768w, https:\/\/in-frieden-kommen.de\/wp-content\/uploads\/2023\/01\/weg-676x227.jpg 676w\" sizes=\"auto, (max-width: 885px) 100vw, 885px\" \/><\/figure>\n\n\n\n<p>Ja, die Blumen begleiteten mich unterwegs auf dem silbernen Weg vor allem als Begegnungen mit den Menschen; die T\u00fcren des Ein- und Austretens und der harte Boden der Alltagsrealit\u00e4t darum herum waren die zu bew\u00e4ltigende Herausforderung davor und danach!  <\/p>\n\n\n\n<p>Hier (in diesem eher \u00f6ffentlichen Raum) erscheint es mir nicht angebracht, das im Detail  auszuf\u00fchren. Aber einige wichtige Punkte m\u00f6chte ich doch benennen, besonders in Respekt zu den Menschen, die meinen Weg interessiert verfolgt, pers\u00f6nlich begleitet und ideell und materiell unterst\u00fctzt haben. Es sind auch Aspekte, die geeignet sind, eine Entscheidung zum Pilgern in der Tiefe als eine  Lebensentscheidung zur Transformation zu begreifen.<\/p>\n\n\n\n<p><\/p>\n\n\n\n<p>\u00dcber die Gefahr der \u00dcbersch\u00e4tzung meiner Energie (und dazu geh\u00f6rt auch, diese planbar abrufen zu k\u00f6nnen) habe ich in den letzten Eintr\u00e4gen hier schon gesprochen. Mein K\u00f6rper hat sehr deutlich reagiert, die Zeit bis in den Winter hinein war von k\u00f6rperlicher Eischr\u00e4nkung und Krankheit \u00fcberschattet. In all dem trotzdem (m)einen Frieden zu finden &#8211; oder vielleicht besser: zu behalten &#8211; gelang mir erst jetzt in diesen Tagen. Das ist verbunden mit der Erkenntnis, wie sehr uns eine \u00e4ngstliche Fixierung auf das Negative schw\u00e4cht. Mein Geist hatte sich in Reaktion auf die K\u00f6rpersymptome &#8222;auf die Lauer gelegt&#8220; und das war erst in der vollkommenen Ruhe der Auszeit erkennbar.  Nat\u00fcrlich &#8222;wusste&#8220; ich das schon immer; hier lassen sich aber auch gut &#8222;Wissen&#8220; und &#8222;Erkenntnis&#8220; unterscheiden: letztere ist lebenspraktische Verf\u00fcgbarkeit und seelische Verankerung. In diesem Thema ist wie so oft eine Parallele zur gesamtgesellschaftlichen Auseinandersetzung mit den globalen Krisenthemen zu finden.     <\/p>\n\n\n\n<p>Auf der anderen Seite durfte ich aber auch noch einmal deutlich sehen, wie viele Menschen sich \u00fcber die Reise hatten ber\u00fchren lassen. Dies jetzt an diesem Ort und in diesem Abstand noch einmal zu erfahren, f\u00fchrte zu einer ganz neuen Best\u00e4rkung meiner weiteren Ausrichtung, wie ich in den n\u00e4chsten Jahren wirken m\u00f6chte. In ihr spielt meine Verbindung zu Gerode, zu den Menschen, dem Ort und den dort ganz nat\u00fcrlich aufkeimenden Themen von Innerlichkeit, Erweiterung und Befriedung eine wesentliche Rolle.<\/p>\n\n\n\n<p>Das Alles in das k\u00fcrzest m\u00f6gliche Res\u00fcmee gepackt:<\/p>\n\n\n\n<p><strong>Es gibt einen Frieden im Unfrieden.<\/strong><\/p>\n\n\n\n<figure class=\"wp-block-image size-full\"><img loading=\"lazy\" decoding=\"async\" width=\"768\" height=\"482\" src=\"https:\/\/in-frieden-kommen.de\/wp-content\/uploads\/2023\/01\/tor.jpg\" alt=\"\" class=\"wp-image-2579\" srcset=\"https:\/\/in-frieden-kommen.de\/wp-content\/uploads\/2023\/01\/tor.jpg 768w, https:\/\/in-frieden-kommen.de\/wp-content\/uploads\/2023\/01\/tor-300x188.jpg 300w, https:\/\/in-frieden-kommen.de\/wp-content\/uploads\/2023\/01\/tor-676x424.jpg 676w\" sizes=\"auto, (max-width: 768px) 100vw, 768px\" \/><\/figure>\n\n\n\n<p>Und deshalb brauchen wir ein Zentrum f\u00fcr den Frieden, wie es in Gerode wachsen wird, in dem die Wege dahin erforscht und gef\u00f6rdert werden, in dem der Frieden in den Gegens\u00e4tzen gesucht und das Trennende im Konflikt \u00fcberwunden werden kann. Es wird ein &#8222;Weg der Mitte&#8220; sein.<\/p>\n\n\n\n<p><\/p>\n\n\n\n<p>Reinhard Billmeier, im Januar 2023<\/p>\n","protected":false},"excerpt":{"rendered":"<p>Sylvester 2022\/23 beim Retreat &#8222;Innere Einkehr&#8220; im Kloster Gerode: Das Festmal ist gerichtet. Und ich bin wieder hier an dem vertrauten Ort, um mit meiner Frau Sylvia in der Klostergemeinschaft [&hellip;]<\/p>\n","protected":false},"author":1,"featured_media":0,"comment_status":"open","ping_status":"open","sticky":false,"template":"","format":"standard","meta":{"footnotes":""},"categories":[1],"tags":[],"class_list":["post-2545","post","type-post","status-publish","format-standard","hentry","category-uncategorized","post-preview"],"_links":{"self":[{"href":"https:\/\/in-frieden-kommen.de\/in-frieden-kommen\/wp-json\/wp\/v2\/posts\/2545","targetHints":{"allow":["GET"]}}],"collection":[{"href":"https:\/\/in-frieden-kommen.de\/in-frieden-kommen\/wp-json\/wp\/v2\/posts"}],"about":[{"href":"https:\/\/in-frieden-kommen.de\/in-frieden-kommen\/wp-json\/wp\/v2\/types\/post"}],"author":[{"embeddable":true,"href":"https:\/\/in-frieden-kommen.de\/in-frieden-kommen\/wp-json\/wp\/v2\/users\/1"}],"replies":[{"embeddable":true,"href":"https:\/\/in-frieden-kommen.de\/in-frieden-kommen\/wp-json\/wp\/v2\/comments?post=2545"}],"version-history":[{"count":12,"href":"https:\/\/in-frieden-kommen.de\/in-frieden-kommen\/wp-json\/wp\/v2\/posts\/2545\/revisions"}],"predecessor-version":[{"id":2583,"href":"https:\/\/in-frieden-kommen.de\/in-frieden-kommen\/wp-json\/wp\/v2\/posts\/2545\/revisions\/2583"}],"wp:attachment":[{"href":"https:\/\/in-frieden-kommen.de\/in-frieden-kommen\/wp-json\/wp\/v2\/media?parent=2545"}],"wp:term":[{"taxonomy":"category","embeddable":true,"href":"https:\/\/in-frieden-kommen.de\/in-frieden-kommen\/wp-json\/wp\/v2\/categories?post=2545"},{"taxonomy":"post_tag","embeddable":true,"href":"https:\/\/in-frieden-kommen.de\/in-frieden-kommen\/wp-json\/wp\/v2\/tags?post=2545"}],"curies":[{"name":"wp","href":"https:\/\/api.w.org\/{rel}","templated":true}]}}