{"id":2211,"date":"2022-06-15T10:43:00","date_gmt":"2022-06-15T10:43:00","guid":{"rendered":"https:\/\/in-frieden-kommen.de\/?p=2211"},"modified":"2022-08-25T10:26:22","modified_gmt":"2022-08-25T10:26:22","slug":"unterwegs-fuer-eine-vision-in-frieden-kommen-in-mir-und-der-welt","status":"publish","type":"post","link":"https:\/\/in-frieden-kommen.de\/in-frieden-kommen\/unterwegs-fuer-eine-vision-in-frieden-kommen-in-mir-und-der-welt\/","title":{"rendered":"Res\u00fcmee des Pilgerwegs"},"content":{"rendered":"\n<p><\/p>\n\n\n\n<p>Der Kirchenraum im Kloster Gerode war nicht nur r\u00e4umliches, sondern auch ideelles Ziel der Reise: In dieser \u00fcberkonfessionellen Kirche des \u201eKlosters des 3. Jahrtausends\u201c sollen im Jahr 2024 die Feiern zum 900-j\u00e4hrigen Bestehen der Klosteranlage und zum 30-j\u00e4hrigen Wirken des WEG DER MITTE dort stattfinden, dies vermutlich noch \u201eopen air\u201c. F\u00fcr die endg\u00fcltige Sicherung und den weiteren Ausbau, in dem dann das Friedenszentrum auch ein Dach erhalten soll, sind die Gelder bestimmt, die das Pilgerprojekt einsammelte (und weiter einwirbt.)<\/p>\n\n\n\n<figure class=\"wp-block-gallery has-nested-images columns-default is-cropped wp-block-gallery-1 is-layout-flex wp-block-gallery-is-layout-flex\">\n<figure class=\"wp-block-image size-large\"><img loading=\"lazy\" decoding=\"async\" width=\"1024\" height=\"768\" data-id=\"2263\" src=\"https:\/\/in-frieden-kommen.de\/wp-content\/uploads\/2022\/05\/20220508_174224-1024x768.jpg\" alt=\"\" class=\"wp-image-2263\" srcset=\"https:\/\/in-frieden-kommen.de\/wp-content\/uploads\/2022\/05\/20220508_174224-1024x768.jpg 1024w, https:\/\/in-frieden-kommen.de\/wp-content\/uploads\/2022\/05\/20220508_174224-300x225.jpg 300w, https:\/\/in-frieden-kommen.de\/wp-content\/uploads\/2022\/05\/20220508_174224-768x576.jpg 768w, https:\/\/in-frieden-kommen.de\/wp-content\/uploads\/2022\/05\/20220508_174224-1536x1152.jpg 1536w, https:\/\/in-frieden-kommen.de\/wp-content\/uploads\/2022\/05\/20220508_174224-2048x1536.jpg 2048w, https:\/\/in-frieden-kommen.de\/wp-content\/uploads\/2022\/05\/20220508_174224-676x507.jpg 676w\" sizes=\"auto, (max-width: 1024px) 100vw, 1024px\" \/><\/figure>\n\n\n\n<figure class=\"wp-block-image size-large\"><img loading=\"lazy\" decoding=\"async\" width=\"1024\" height=\"768\" data-id=\"2197\" src=\"https:\/\/in-frieden-kommen.de\/wp-content\/uploads\/2022\/05\/IMG_9839-1024x768.jpg\" alt=\"\" class=\"wp-image-2197\" srcset=\"https:\/\/in-frieden-kommen.de\/wp-content\/uploads\/2022\/05\/IMG_9839-1024x768.jpg 1024w, https:\/\/in-frieden-kommen.de\/wp-content\/uploads\/2022\/05\/IMG_9839-300x225.jpg 300w, https:\/\/in-frieden-kommen.de\/wp-content\/uploads\/2022\/05\/IMG_9839-768x576.jpg 768w, https:\/\/in-frieden-kommen.de\/wp-content\/uploads\/2022\/05\/IMG_9839-1536x1152.jpg 1536w, https:\/\/in-frieden-kommen.de\/wp-content\/uploads\/2022\/05\/IMG_9839-2048x1536.jpg 2048w, https:\/\/in-frieden-kommen.de\/wp-content\/uploads\/2022\/05\/IMG_9839-676x507.jpg 676w\" sizes=\"auto, (max-width: 1024px) 100vw, 1024px\" \/><\/figure>\n\n\n\n<figure class=\"wp-block-image size-large\"><img loading=\"lazy\" decoding=\"async\" width=\"1024\" height=\"768\" data-id=\"2264\" src=\"https:\/\/in-frieden-kommen.de\/wp-content\/uploads\/2022\/05\/20220508_173907-1024x768.jpg\" alt=\"\" class=\"wp-image-2264\" srcset=\"https:\/\/in-frieden-kommen.de\/wp-content\/uploads\/2022\/05\/20220508_173907-1024x768.jpg 1024w, https:\/\/in-frieden-kommen.de\/wp-content\/uploads\/2022\/05\/20220508_173907-300x225.jpg 300w, https:\/\/in-frieden-kommen.de\/wp-content\/uploads\/2022\/05\/20220508_173907-768x576.jpg 768w, https:\/\/in-frieden-kommen.de\/wp-content\/uploads\/2022\/05\/20220508_173907-1536x1152.jpg 1536w, https:\/\/in-frieden-kommen.de\/wp-content\/uploads\/2022\/05\/20220508_173907-2048x1536.jpg 2048w, https:\/\/in-frieden-kommen.de\/wp-content\/uploads\/2022\/05\/20220508_173907-676x507.jpg 676w\" sizes=\"auto, (max-width: 1024px) 100vw, 1024px\" \/><\/figure>\n<\/figure>\n\n\n\n<p>Hier folgt &#8211; im Abstand mehrerer Wochen &#8211; eine Zusammenfassung besonders f\u00fcr diejenigen, die das Projekt auf so vielf\u00e4ltige Weise unterst\u00fctzt und begleitet haben.<\/p>\n\n\n\n<p>Zun\u00e4chst ein Blick auf den \u00e4u\u00dferen Weg. Er f\u00fchrte durch extrem unterschiedlich erlebte Landschaften. In manchen f\u00fchlte ich mich teils sehr fremd und verloren, andere waren in dieser sch\u00f6nen Fr\u00fchlingszeit ein Genuss f\u00fcr das Auge und Nahrung f\u00fcr die Seele.<\/p>\n\n\n\n<p>Es gab Wege durch endlos erscheinende verwahrloste und ausgebeutete Natur, kilometerlang auch durch verw\u00fcsteten Monokultur-Wald oder entlang der toten W\u00e4sser von Kan\u00e4len. Landschaften, die durch das v\u00f6llige Fehlen von Rastpl\u00e4tzen oder einer Bank schon anzeigen, dass hier niemand wandernd oder spazierend unterwegs sein m\u00f6chte.<\/p>\n\n\n\n<figure class=\"wp-block-gallery has-nested-images columns-default is-cropped wp-block-gallery-2 is-layout-flex wp-block-gallery-is-layout-flex\">\n<figure class=\"wp-block-image size-large\"><img loading=\"lazy\" decoding=\"async\" width=\"1365\" height=\"768\" data-id=\"1663\" src=\"https:\/\/in-frieden-kommen.de\/wp-content\/uploads\/2022\/04\/22-04-14_4.jpg\" alt=\"\" class=\"wp-image-1663\" srcset=\"https:\/\/in-frieden-kommen.de\/wp-content\/uploads\/2022\/04\/22-04-14_4.jpg 1365w, https:\/\/in-frieden-kommen.de\/wp-content\/uploads\/2022\/04\/22-04-14_4-300x169.jpg 300w, https:\/\/in-frieden-kommen.de\/wp-content\/uploads\/2022\/04\/22-04-14_4-1024x576.jpg 1024w, https:\/\/in-frieden-kommen.de\/wp-content\/uploads\/2022\/04\/22-04-14_4-768x432.jpg 768w, https:\/\/in-frieden-kommen.de\/wp-content\/uploads\/2022\/04\/22-04-14_4-676x380.jpg 676w, https:\/\/in-frieden-kommen.de\/wp-content\/uploads\/2022\/04\/22-04-14_4-1320x743.jpg 1320w\" sizes=\"auto, (max-width: 1365px) 100vw, 1365px\" \/><\/figure>\n\n\n\n<figure class=\"wp-block-image size-large\"><img loading=\"lazy\" decoding=\"async\" width=\"1365\" height=\"768\" data-id=\"1668\" src=\"https:\/\/in-frieden-kommen.de\/wp-content\/uploads\/2022\/04\/22-04-14_3.jpg\" alt=\"\" class=\"wp-image-1668\" srcset=\"https:\/\/in-frieden-kommen.de\/wp-content\/uploads\/2022\/04\/22-04-14_3.jpg 1365w, https:\/\/in-frieden-kommen.de\/wp-content\/uploads\/2022\/04\/22-04-14_3-300x169.jpg 300w, https:\/\/in-frieden-kommen.de\/wp-content\/uploads\/2022\/04\/22-04-14_3-1024x576.jpg 1024w, https:\/\/in-frieden-kommen.de\/wp-content\/uploads\/2022\/04\/22-04-14_3-768x432.jpg 768w, https:\/\/in-frieden-kommen.de\/wp-content\/uploads\/2022\/04\/22-04-14_3-676x380.jpg 676w, https:\/\/in-frieden-kommen.de\/wp-content\/uploads\/2022\/04\/22-04-14_3-1320x743.jpg 1320w\" sizes=\"auto, (max-width: 1365px) 100vw, 1365px\" \/><\/figure>\n\n\n\n<figure class=\"wp-block-image size-large\"><img loading=\"lazy\" decoding=\"async\" width=\"1365\" height=\"768\" data-id=\"1773\" src=\"https:\/\/in-frieden-kommen.de\/wp-content\/uploads\/2022\/04\/22-04-13_2-1.jpg\" alt=\"\" class=\"wp-image-1773\" srcset=\"https:\/\/in-frieden-kommen.de\/wp-content\/uploads\/2022\/04\/22-04-13_2-1.jpg 1365w, https:\/\/in-frieden-kommen.de\/wp-content\/uploads\/2022\/04\/22-04-13_2-1-300x169.jpg 300w, https:\/\/in-frieden-kommen.de\/wp-content\/uploads\/2022\/04\/22-04-13_2-1-1024x576.jpg 1024w, https:\/\/in-frieden-kommen.de\/wp-content\/uploads\/2022\/04\/22-04-13_2-1-768x432.jpg 768w, https:\/\/in-frieden-kommen.de\/wp-content\/uploads\/2022\/04\/22-04-13_2-1-676x380.jpg 676w, https:\/\/in-frieden-kommen.de\/wp-content\/uploads\/2022\/04\/22-04-13_2-1-1320x743.jpg 1320w\" sizes=\"auto, (max-width: 1365px) 100vw, 1365px\" \/><\/figure>\n\n\n\n<figure class=\"wp-block-image size-large\"><img loading=\"lazy\" decoding=\"async\" width=\"2048\" height=\"1152\" data-id=\"1833\" src=\"https:\/\/in-frieden-kommen.de\/wp-content\/uploads\/2022\/04\/22-04-19_04.webp\" alt=\"\" class=\"wp-image-1833\" srcset=\"https:\/\/in-frieden-kommen.de\/wp-content\/uploads\/2022\/04\/22-04-19_04.webp 2048w, https:\/\/in-frieden-kommen.de\/wp-content\/uploads\/2022\/04\/22-04-19_04-300x169.webp 300w, https:\/\/in-frieden-kommen.de\/wp-content\/uploads\/2022\/04\/22-04-19_04-1024x576.webp 1024w, https:\/\/in-frieden-kommen.de\/wp-content\/uploads\/2022\/04\/22-04-19_04-768x432.webp 768w, https:\/\/in-frieden-kommen.de\/wp-content\/uploads\/2022\/04\/22-04-19_04-1536x864.webp 1536w, https:\/\/in-frieden-kommen.de\/wp-content\/uploads\/2022\/04\/22-04-19_04-676x380.webp 676w, https:\/\/in-frieden-kommen.de\/wp-content\/uploads\/2022\/04\/22-04-19_04-1320x743.webp 1320w\" sizes=\"auto, (max-width: 2048px) 100vw, 2048px\" \/><\/figure>\n\n\n\n<figure class=\"wp-block-image size-large\"><img loading=\"lazy\" decoding=\"async\" width=\"1365\" height=\"768\" data-id=\"1671\" src=\"https:\/\/in-frieden-kommen.de\/wp-content\/uploads\/2022\/04\/22-04-14_2-2.jpg\" alt=\"\" class=\"wp-image-1671\" srcset=\"https:\/\/in-frieden-kommen.de\/wp-content\/uploads\/2022\/04\/22-04-14_2-2.jpg 1365w, https:\/\/in-frieden-kommen.de\/wp-content\/uploads\/2022\/04\/22-04-14_2-2-300x169.jpg 300w, https:\/\/in-frieden-kommen.de\/wp-content\/uploads\/2022\/04\/22-04-14_2-2-1024x576.jpg 1024w, https:\/\/in-frieden-kommen.de\/wp-content\/uploads\/2022\/04\/22-04-14_2-2-768x432.jpg 768w, https:\/\/in-frieden-kommen.de\/wp-content\/uploads\/2022\/04\/22-04-14_2-2-676x380.jpg 676w, https:\/\/in-frieden-kommen.de\/wp-content\/uploads\/2022\/04\/22-04-14_2-2-1320x743.jpg 1320w\" sizes=\"auto, (max-width: 1365px) 100vw, 1365px\" \/><\/figure>\n<\/figure>\n\n\n\n<p>Und es gab die einladenden Wege entlang von lebendigen Fl\u00fcssen, durch hellgr\u00fcn leuchtenden Mischwald und bestellte Felder, die die Achtung der Natur sp\u00fcren lie\u00dfen, gewundene Wege und manchmal f\u00fcr den Pilgerwagen auch anspruchsvolle Pfade durch die heimelige H\u00fcgellandschaft am Elm und im Vorharz.<\/p>\n\n\n\n<p>Als geb\u00fcrtiger Bayer liegt mir letzteres nat\u00fcrlich n\u00e4her und trotzdem macht nicht die Form den Unterschied, sondern der im Durchwandern erfahrbare Umgang der Menschen mit dem, was wir an Natur (noch) haben.<\/p>\n\n\n\n<figure class=\"wp-block-gallery has-nested-images columns-default is-cropped wp-block-gallery-3 is-layout-flex wp-block-gallery-is-layout-flex\">\n<figure class=\"wp-block-image size-large\"><img loading=\"lazy\" decoding=\"async\" width=\"2048\" height=\"1152\" data-id=\"1981\" src=\"https:\/\/in-frieden-kommen.de\/wp-content\/uploads\/2022\/04\/22-04-28_3.webp\" alt=\"\" class=\"wp-image-1981\" srcset=\"https:\/\/in-frieden-kommen.de\/wp-content\/uploads\/2022\/04\/22-04-28_3.webp 2048w, https:\/\/in-frieden-kommen.de\/wp-content\/uploads\/2022\/04\/22-04-28_3-300x169.webp 300w, https:\/\/in-frieden-kommen.de\/wp-content\/uploads\/2022\/04\/22-04-28_3-1024x576.webp 1024w, https:\/\/in-frieden-kommen.de\/wp-content\/uploads\/2022\/04\/22-04-28_3-768x432.webp 768w, https:\/\/in-frieden-kommen.de\/wp-content\/uploads\/2022\/04\/22-04-28_3-1536x864.webp 1536w, https:\/\/in-frieden-kommen.de\/wp-content\/uploads\/2022\/04\/22-04-28_3-676x380.webp 676w\" sizes=\"auto, (max-width: 2048px) 100vw, 2048px\" \/><\/figure>\n\n\n\n<figure class=\"wp-block-image size-large\"><img loading=\"lazy\" decoding=\"async\" width=\"2048\" height=\"1152\" data-id=\"1880\" src=\"https:\/\/in-frieden-kommen.de\/wp-content\/uploads\/2022\/04\/22-04-23_3.webp\" alt=\"\" class=\"wp-image-1880\" srcset=\"https:\/\/in-frieden-kommen.de\/wp-content\/uploads\/2022\/04\/22-04-23_3.webp 2048w, https:\/\/in-frieden-kommen.de\/wp-content\/uploads\/2022\/04\/22-04-23_3-300x169.webp 300w, https:\/\/in-frieden-kommen.de\/wp-content\/uploads\/2022\/04\/22-04-23_3-1024x576.webp 1024w, https:\/\/in-frieden-kommen.de\/wp-content\/uploads\/2022\/04\/22-04-23_3-768x432.webp 768w, https:\/\/in-frieden-kommen.de\/wp-content\/uploads\/2022\/04\/22-04-23_3-1536x864.webp 1536w, https:\/\/in-frieden-kommen.de\/wp-content\/uploads\/2022\/04\/22-04-23_3-676x380.webp 676w, https:\/\/in-frieden-kommen.de\/wp-content\/uploads\/2022\/04\/22-04-23_3-1320x743.webp 1320w\" sizes=\"auto, (max-width: 2048px) 100vw, 2048px\" \/><\/figure>\n\n\n\n<figure class=\"wp-block-image size-large\"><img loading=\"lazy\" decoding=\"async\" width=\"2560\" height=\"1920\" data-id=\"1862\" src=\"https:\/\/in-frieden-kommen.de\/wp-content\/uploads\/2022\/04\/IMG_8924-scaled.jpg\" alt=\"\" class=\"wp-image-1862\" srcset=\"https:\/\/in-frieden-kommen.de\/wp-content\/uploads\/2022\/04\/IMG_8924-scaled.jpg 2560w, https:\/\/in-frieden-kommen.de\/wp-content\/uploads\/2022\/04\/IMG_8924-300x225.jpg 300w, https:\/\/in-frieden-kommen.de\/wp-content\/uploads\/2022\/04\/IMG_8924-1024x768.jpg 1024w, https:\/\/in-frieden-kommen.de\/wp-content\/uploads\/2022\/04\/IMG_8924-768x576.jpg 768w, https:\/\/in-frieden-kommen.de\/wp-content\/uploads\/2022\/04\/IMG_8924-1536x1152.jpg 1536w, https:\/\/in-frieden-kommen.de\/wp-content\/uploads\/2022\/04\/IMG_8924-2048x1536.jpg 2048w, https:\/\/in-frieden-kommen.de\/wp-content\/uploads\/2022\/04\/IMG_8924-676x507.jpg 676w, https:\/\/in-frieden-kommen.de\/wp-content\/uploads\/2022\/04\/IMG_8924-1320x990.jpg 1320w\" sizes=\"auto, (max-width: 2560px) 100vw, 2560px\" \/><\/figure>\n\n\n\n<figure class=\"wp-block-image size-large\"><img loading=\"lazy\" decoding=\"async\" width=\"2048\" height=\"1152\" data-id=\"1731\" src=\"https:\/\/in-frieden-kommen.de\/wp-content\/uploads\/2022\/04\/22-04-17_4-1.webp\" alt=\"\" class=\"wp-image-1731\" srcset=\"https:\/\/in-frieden-kommen.de\/wp-content\/uploads\/2022\/04\/22-04-17_4-1.webp 2048w, https:\/\/in-frieden-kommen.de\/wp-content\/uploads\/2022\/04\/22-04-17_4-1-300x169.webp 300w, https:\/\/in-frieden-kommen.de\/wp-content\/uploads\/2022\/04\/22-04-17_4-1-1024x576.webp 1024w, https:\/\/in-frieden-kommen.de\/wp-content\/uploads\/2022\/04\/22-04-17_4-1-768x432.webp 768w, https:\/\/in-frieden-kommen.de\/wp-content\/uploads\/2022\/04\/22-04-17_4-1-1536x864.webp 1536w, https:\/\/in-frieden-kommen.de\/wp-content\/uploads\/2022\/04\/22-04-17_4-1-676x380.webp 676w, https:\/\/in-frieden-kommen.de\/wp-content\/uploads\/2022\/04\/22-04-17_4-1-1320x743.webp 1320w\" sizes=\"auto, (max-width: 2048px) 100vw, 2048px\" \/><\/figure>\n\n\n\n<figure class=\"wp-block-image size-large\"><img loading=\"lazy\" decoding=\"async\" width=\"2048\" height=\"1152\" data-id=\"2057\" src=\"https:\/\/in-frieden-kommen.de\/wp-content\/uploads\/2022\/05\/22-05-02_1.webp\" alt=\"\" class=\"wp-image-2057\" srcset=\"https:\/\/in-frieden-kommen.de\/wp-content\/uploads\/2022\/05\/22-05-02_1.webp 2048w, https:\/\/in-frieden-kommen.de\/wp-content\/uploads\/2022\/05\/22-05-02_1-300x169.webp 300w, https:\/\/in-frieden-kommen.de\/wp-content\/uploads\/2022\/05\/22-05-02_1-1024x576.webp 1024w, https:\/\/in-frieden-kommen.de\/wp-content\/uploads\/2022\/05\/22-05-02_1-768x432.webp 768w, https:\/\/in-frieden-kommen.de\/wp-content\/uploads\/2022\/05\/22-05-02_1-1536x864.webp 1536w, https:\/\/in-frieden-kommen.de\/wp-content\/uploads\/2022\/05\/22-05-02_1-676x380.webp 676w\" sizes=\"auto, (max-width: 2048px) 100vw, 2048px\" \/><\/figure>\n\n\n\n<figure class=\"wp-block-image size-large\"><img loading=\"lazy\" decoding=\"async\" width=\"2048\" height=\"1152\" data-id=\"2139\" src=\"https:\/\/in-frieden-kommen.de\/wp-content\/uploads\/2022\/05\/22-05-06_2-1.webp\" alt=\"\" class=\"wp-image-2139\" srcset=\"https:\/\/in-frieden-kommen.de\/wp-content\/uploads\/2022\/05\/22-05-06_2-1.webp 2048w, https:\/\/in-frieden-kommen.de\/wp-content\/uploads\/2022\/05\/22-05-06_2-1-300x169.webp 300w, https:\/\/in-frieden-kommen.de\/wp-content\/uploads\/2022\/05\/22-05-06_2-1-1024x576.webp 1024w, https:\/\/in-frieden-kommen.de\/wp-content\/uploads\/2022\/05\/22-05-06_2-1-768x432.webp 768w, https:\/\/in-frieden-kommen.de\/wp-content\/uploads\/2022\/05\/22-05-06_2-1-1536x864.webp 1536w, https:\/\/in-frieden-kommen.de\/wp-content\/uploads\/2022\/05\/22-05-06_2-1-676x380.webp 676w\" sizes=\"auto, (max-width: 2048px) 100vw, 2048px\" \/><\/figure>\n\n\n\n<figure class=\"wp-block-image size-large\"><img loading=\"lazy\" decoding=\"async\" width=\"1152\" height=\"2048\" data-id=\"2099\" src=\"https:\/\/in-frieden-kommen.de\/wp-content\/uploads\/2022\/05\/22-05-04_2.webp\" alt=\"\" class=\"wp-image-2099\" srcset=\"https:\/\/in-frieden-kommen.de\/wp-content\/uploads\/2022\/05\/22-05-04_2.webp 1152w, https:\/\/in-frieden-kommen.de\/wp-content\/uploads\/2022\/05\/22-05-04_2-169x300.webp 169w, https:\/\/in-frieden-kommen.de\/wp-content\/uploads\/2022\/05\/22-05-04_2-576x1024.webp 576w, https:\/\/in-frieden-kommen.de\/wp-content\/uploads\/2022\/05\/22-05-04_2-768x1365.webp 768w, https:\/\/in-frieden-kommen.de\/wp-content\/uploads\/2022\/05\/22-05-04_2-864x1536.webp 864w, https:\/\/in-frieden-kommen.de\/wp-content\/uploads\/2022\/05\/22-05-04_2-676x1202.webp 676w\" sizes=\"auto, (max-width: 1152px) 100vw, 1152px\" \/><\/figure>\n\n\n\n<figure class=\"wp-block-image size-large\"><img loading=\"lazy\" decoding=\"async\" width=\"1024\" height=\"768\" data-id=\"2214\" src=\"https:\/\/in-frieden-kommen.de\/wp-content\/uploads\/2022\/05\/20220508_102606-1024x768.jpg\" alt=\"\" class=\"wp-image-2214\" srcset=\"https:\/\/in-frieden-kommen.de\/wp-content\/uploads\/2022\/05\/20220508_102606-1024x768.jpg 1024w, https:\/\/in-frieden-kommen.de\/wp-content\/uploads\/2022\/05\/20220508_102606-300x225.jpg 300w, https:\/\/in-frieden-kommen.de\/wp-content\/uploads\/2022\/05\/20220508_102606-768x576.jpg 768w, https:\/\/in-frieden-kommen.de\/wp-content\/uploads\/2022\/05\/20220508_102606-1536x1152.jpg 1536w, https:\/\/in-frieden-kommen.de\/wp-content\/uploads\/2022\/05\/20220508_102606-2048x1536.jpg 2048w, https:\/\/in-frieden-kommen.de\/wp-content\/uploads\/2022\/05\/20220508_102606-676x507.jpg 676w\" sizes=\"auto, (max-width: 1024px) 100vw, 1024px\" \/><\/figure>\n\n\n\n<figure class=\"wp-block-image size-large\"><img loading=\"lazy\" decoding=\"async\" width=\"768\" height=\"1024\" data-id=\"2213\" src=\"https:\/\/in-frieden-kommen.de\/wp-content\/uploads\/2022\/05\/20220508_110148-768x1024.jpg\" alt=\"\" class=\"wp-image-2213\" srcset=\"https:\/\/in-frieden-kommen.de\/wp-content\/uploads\/2022\/05\/20220508_110148-768x1024.jpg 768w, https:\/\/in-frieden-kommen.de\/wp-content\/uploads\/2022\/05\/20220508_110148-225x300.jpg 225w, https:\/\/in-frieden-kommen.de\/wp-content\/uploads\/2022\/05\/20220508_110148-1152x1536.jpg 1152w, https:\/\/in-frieden-kommen.de\/wp-content\/uploads\/2022\/05\/20220508_110148-1536x2048.jpg 1536w, https:\/\/in-frieden-kommen.de\/wp-content\/uploads\/2022\/05\/20220508_110148-676x902.jpg 676w, https:\/\/in-frieden-kommen.de\/wp-content\/uploads\/2022\/05\/20220508_110148.jpg 1663w\" sizes=\"auto, (max-width: 768px) 100vw, 768px\" \/><\/figure>\n<\/figure>\n\n\n\n<p>Auf einem Pilgerweg sind wir immer wieder angewiesen auf gute Pl\u00e4tze des Innehaltens, an denen die Verbindung mit dem inneren Pilgerziel unterst\u00fctzt wird. Dies kann in der Natur sein oder in daf\u00fcr geeigneten meditativen R\u00e4umen. Von meiner ersten Pilgerreise her war ich gewohnt, die Kirchen auf dem Weg daf\u00fcr zu nutzen und fand damals die allermeisten auch offen. Diesmal war auch das sehr anders. Einige der besonderen \u201eDurchbruchs\u201c-Erfahrungen waren dann auch in den wenigen offen vorgefundenen Besinnungsr\u00e4umen (Kloster Lehnin und Neuendorf, Kirche in Burgdorf), oft stand ich vor verschlossenen Kirchent\u00fcren, die damit eine \u00e4hnliche Abweisung erzeugten wie der Weg durch manche Gegend.<\/p>\n\n\n\n<figure class=\"wp-block-gallery has-nested-images columns-default is-cropped wp-block-gallery-4 is-layout-flex wp-block-gallery-is-layout-flex\">\n<figure class=\"wp-block-image size-large\"><img loading=\"lazy\" decoding=\"async\" width=\"576\" height=\"1024\" data-id=\"2217\" src=\"https:\/\/in-frieden-kommen.de\/wp-content\/uploads\/2022\/05\/22-04-12_4-576x1024.jpg\" alt=\"\" class=\"wp-image-2217\" srcset=\"https:\/\/in-frieden-kommen.de\/wp-content\/uploads\/2022\/05\/22-04-12_4-576x1024.jpg 576w, https:\/\/in-frieden-kommen.de\/wp-content\/uploads\/2022\/05\/22-04-12_4-169x300.jpg 169w, https:\/\/in-frieden-kommen.de\/wp-content\/uploads\/2022\/05\/22-04-12_4-676x1202.jpg 676w, https:\/\/in-frieden-kommen.de\/wp-content\/uploads\/2022\/05\/22-04-12_4.jpg 720w\" sizes=\"auto, (max-width: 576px) 100vw, 576px\" \/><\/figure>\n\n\n\n<figure class=\"wp-block-image size-large\"><img loading=\"lazy\" decoding=\"async\" width=\"1024\" height=\"576\" data-id=\"2219\" src=\"https:\/\/in-frieden-kommen.de\/wp-content\/uploads\/2022\/05\/22-04-12_7-1024x576.jpg\" alt=\"\" class=\"wp-image-2219\" srcset=\"https:\/\/in-frieden-kommen.de\/wp-content\/uploads\/2022\/05\/22-04-12_7-1024x576.jpg 1024w, https:\/\/in-frieden-kommen.de\/wp-content\/uploads\/2022\/05\/22-04-12_7-300x169.jpg 300w, https:\/\/in-frieden-kommen.de\/wp-content\/uploads\/2022\/05\/22-04-12_7-768x432.jpg 768w, https:\/\/in-frieden-kommen.de\/wp-content\/uploads\/2022\/05\/22-04-12_7-1536x864.jpg 1536w, https:\/\/in-frieden-kommen.de\/wp-content\/uploads\/2022\/05\/22-04-12_7-676x380.jpg 676w, https:\/\/in-frieden-kommen.de\/wp-content\/uploads\/2022\/05\/22-04-12_7.jpg 1600w\" sizes=\"auto, (max-width: 1024px) 100vw, 1024px\" \/><\/figure>\n\n\n\n<figure class=\"wp-block-image size-large\"><img loading=\"lazy\" decoding=\"async\" width=\"768\" height=\"731\" data-id=\"2221\" src=\"https:\/\/in-frieden-kommen.de\/wp-content\/uploads\/2022\/05\/22-04-13_1q.jpg\" alt=\"\" class=\"wp-image-2221\" srcset=\"https:\/\/in-frieden-kommen.de\/wp-content\/uploads\/2022\/05\/22-04-13_1q.jpg 768w, https:\/\/in-frieden-kommen.de\/wp-content\/uploads\/2022\/05\/22-04-13_1q-300x286.jpg 300w, https:\/\/in-frieden-kommen.de\/wp-content\/uploads\/2022\/05\/22-04-13_1q-676x643.jpg 676w\" sizes=\"auto, (max-width: 768px) 100vw, 768px\" \/><\/figure>\n\n\n\n<figure class=\"wp-block-image size-large\"><img loading=\"lazy\" decoding=\"async\" width=\"1024\" height=\"576\" data-id=\"2225\" src=\"https:\/\/in-frieden-kommen.de\/wp-content\/uploads\/2022\/05\/22-04-12_1-1024x576.webp\" alt=\"\" class=\"wp-image-2225\" srcset=\"https:\/\/in-frieden-kommen.de\/wp-content\/uploads\/2022\/05\/22-04-12_1-1024x576.webp 1024w, https:\/\/in-frieden-kommen.de\/wp-content\/uploads\/2022\/05\/22-04-12_1-300x169.webp 300w, https:\/\/in-frieden-kommen.de\/wp-content\/uploads\/2022\/05\/22-04-12_1-768x432.webp 768w, https:\/\/in-frieden-kommen.de\/wp-content\/uploads\/2022\/05\/22-04-12_1-1536x864.webp 1536w, https:\/\/in-frieden-kommen.de\/wp-content\/uploads\/2022\/05\/22-04-12_1-676x380.webp 676w, https:\/\/in-frieden-kommen.de\/wp-content\/uploads\/2022\/05\/22-04-12_1.webp 2048w\" sizes=\"auto, (max-width: 1024px) 100vw, 1024px\" \/><figcaption>Kloster Lehnin<\/figcaption><\/figure>\n\n\n\n<figure class=\"wp-block-image size-large\"><img loading=\"lazy\" decoding=\"async\" width=\"1365\" height=\"768\" data-id=\"1743\" src=\"https:\/\/in-frieden-kommen.de\/wp-content\/uploads\/2022\/04\/22-04-18_1.jpg\" alt=\"\" class=\"wp-image-1743\" srcset=\"https:\/\/in-frieden-kommen.de\/wp-content\/uploads\/2022\/04\/22-04-18_1.jpg 1365w, https:\/\/in-frieden-kommen.de\/wp-content\/uploads\/2022\/04\/22-04-18_1-300x169.jpg 300w, https:\/\/in-frieden-kommen.de\/wp-content\/uploads\/2022\/04\/22-04-18_1-1024x576.jpg 1024w, https:\/\/in-frieden-kommen.de\/wp-content\/uploads\/2022\/04\/22-04-18_1-768x432.jpg 768w, https:\/\/in-frieden-kommen.de\/wp-content\/uploads\/2022\/04\/22-04-18_1-676x380.jpg 676w, https:\/\/in-frieden-kommen.de\/wp-content\/uploads\/2022\/04\/22-04-18_1-1320x743.jpg 1320w\" sizes=\"auto, (max-width: 1365px) 100vw, 1365px\" \/><figcaption>Kloster Neuendorf<\/figcaption><\/figure>\n\n\n\n<figure class=\"wp-block-image size-large\"><img loading=\"lazy\" decoding=\"async\" width=\"2048\" height=\"1152\" data-id=\"1990\" src=\"https:\/\/in-frieden-kommen.de\/wp-content\/uploads\/2022\/04\/22-04-27_5-1.webp\" alt=\"\" class=\"wp-image-1990\" srcset=\"https:\/\/in-frieden-kommen.de\/wp-content\/uploads\/2022\/04\/22-04-27_5-1.webp 2048w, https:\/\/in-frieden-kommen.de\/wp-content\/uploads\/2022\/04\/22-04-27_5-1-300x169.webp 300w, https:\/\/in-frieden-kommen.de\/wp-content\/uploads\/2022\/04\/22-04-27_5-1-1024x576.webp 1024w, https:\/\/in-frieden-kommen.de\/wp-content\/uploads\/2022\/04\/22-04-27_5-1-768x432.webp 768w, https:\/\/in-frieden-kommen.de\/wp-content\/uploads\/2022\/04\/22-04-27_5-1-1536x864.webp 1536w, https:\/\/in-frieden-kommen.de\/wp-content\/uploads\/2022\/04\/22-04-27_5-1-676x380.webp 676w\" sizes=\"auto, (max-width: 2048px) 100vw, 2048px\" \/><figcaption>St. Nicolai, Kirchhorst<\/figcaption><\/figure>\n\n\n\n<figure class=\"wp-block-image size-large\"><img loading=\"lazy\" decoding=\"async\" width=\"576\" height=\"1024\" data-id=\"2216\" src=\"https:\/\/in-frieden-kommen.de\/wp-content\/uploads\/2022\/05\/22-04-12-576x1024.webp\" alt=\"\" class=\"wp-image-2216\" srcset=\"https:\/\/in-frieden-kommen.de\/wp-content\/uploads\/2022\/05\/22-04-12-576x1024.webp 576w, https:\/\/in-frieden-kommen.de\/wp-content\/uploads\/2022\/05\/22-04-12-169x300.webp 169w, https:\/\/in-frieden-kommen.de\/wp-content\/uploads\/2022\/05\/22-04-12-768x1365.webp 768w, https:\/\/in-frieden-kommen.de\/wp-content\/uploads\/2022\/05\/22-04-12-864x1536.webp 864w, https:\/\/in-frieden-kommen.de\/wp-content\/uploads\/2022\/05\/22-04-12-676x1202.webp 676w, https:\/\/in-frieden-kommen.de\/wp-content\/uploads\/2022\/05\/22-04-12.webp 1152w\" sizes=\"auto, (max-width: 576px) 100vw, 576px\" \/><\/figure>\n\n\n\n<figure class=\"wp-block-image size-large\"><img loading=\"lazy\" decoding=\"async\" width=\"796\" height=\"1011\" data-id=\"2223\" src=\"https:\/\/in-frieden-kommen.de\/wp-content\/uploads\/2022\/05\/22-04-18_15_klein.jpg\" alt=\"\" class=\"wp-image-2223\" srcset=\"https:\/\/in-frieden-kommen.de\/wp-content\/uploads\/2022\/05\/22-04-18_15_klein.jpg 796w, https:\/\/in-frieden-kommen.de\/wp-content\/uploads\/2022\/05\/22-04-18_15_klein-236x300.jpg 236w, https:\/\/in-frieden-kommen.de\/wp-content\/uploads\/2022\/05\/22-04-18_15_klein-768x975.jpg 768w, https:\/\/in-frieden-kommen.de\/wp-content\/uploads\/2022\/05\/22-04-18_15_klein-676x859.jpg 676w\" sizes=\"auto, (max-width: 796px) 100vw, 796px\" \/><\/figure>\n\n\n\n<figure class=\"wp-block-image size-large\"><img loading=\"lazy\" decoding=\"async\" width=\"576\" height=\"1024\" data-id=\"2218\" src=\"https:\/\/in-frieden-kommen.de\/wp-content\/uploads\/2022\/05\/22-04-27_7-576x1024.webp\" alt=\"\" class=\"wp-image-2218\" srcset=\"https:\/\/in-frieden-kommen.de\/wp-content\/uploads\/2022\/05\/22-04-27_7-576x1024.webp 576w, https:\/\/in-frieden-kommen.de\/wp-content\/uploads\/2022\/05\/22-04-27_7-169x300.webp 169w, https:\/\/in-frieden-kommen.de\/wp-content\/uploads\/2022\/05\/22-04-27_7-768x1365.webp 768w, https:\/\/in-frieden-kommen.de\/wp-content\/uploads\/2022\/05\/22-04-27_7-864x1536.webp 864w, https:\/\/in-frieden-kommen.de\/wp-content\/uploads\/2022\/05\/22-04-27_7-676x1202.webp 676w, https:\/\/in-frieden-kommen.de\/wp-content\/uploads\/2022\/05\/22-04-27_7.webp 1152w\" sizes=\"auto, (max-width: 576px) 100vw, 576px\" \/><\/figure>\n<\/figure>\n\n\n\n<p>Zu dieser teils schwierigen \u00e4u\u00dferen Erfahrungswelt gibt es ein deutliches Gegengewicht auf der sozialen Ebene der erlebten Beziehungen. Das ist die freundliche Aufnahme durch so viele unterst\u00fctzende Menschen aus meinem Freundeskreis und ebenso von mir pers\u00f6nlich ganz unbekannten Menschen, die dem WEG DER MITTE nahestehen und das Projekt durch ihre Gastfreundschaft oder andere Beitr\u00e4ge unterst\u00fctzten.<\/p>\n\n\n\n<p>Die deutlich positivste Erfahrung auf dem Weg war: Immer wieder ein bedingungsloses Angenommen-Sein zu erleben, ganz selbstverst\u00e4ndlich im Lebens- und Familienfeld aufgenommen zu sein und so viel (auch logistische) Unterst\u00fctzung zu bekommen.<\/p>\n\n\n\n<figure class=\"wp-block-gallery has-nested-images columns-default is-cropped wp-block-gallery-5 is-layout-flex wp-block-gallery-is-layout-flex\">\n<figure class=\"wp-block-image size-large\"><img loading=\"lazy\" decoding=\"async\" width=\"1024\" height=\"576\" data-id=\"2227\" src=\"https:\/\/in-frieden-kommen.de\/wp-content\/uploads\/2022\/05\/22-05-07_1-1-1024x576.webp\" alt=\"\" class=\"wp-image-2227\" srcset=\"https:\/\/in-frieden-kommen.de\/wp-content\/uploads\/2022\/05\/22-05-07_1-1-1024x576.webp 1024w, https:\/\/in-frieden-kommen.de\/wp-content\/uploads\/2022\/05\/22-05-07_1-1-300x169.webp 300w, https:\/\/in-frieden-kommen.de\/wp-content\/uploads\/2022\/05\/22-05-07_1-1-768x432.webp 768w, https:\/\/in-frieden-kommen.de\/wp-content\/uploads\/2022\/05\/22-05-07_1-1-1536x864.webp 1536w, https:\/\/in-frieden-kommen.de\/wp-content\/uploads\/2022\/05\/22-05-07_1-1-676x380.webp 676w, https:\/\/in-frieden-kommen.de\/wp-content\/uploads\/2022\/05\/22-05-07_1-1.webp 2048w\" sizes=\"auto, (max-width: 1024px) 100vw, 1024px\" \/><\/figure>\n\n\n\n<figure class=\"wp-block-image size-large\"><img loading=\"lazy\" decoding=\"async\" width=\"1024\" height=\"472\" data-id=\"2228\" src=\"https:\/\/in-frieden-kommen.de\/wp-content\/uploads\/2022\/05\/22-04-11_2-1024x472.jpg\" alt=\"\" class=\"wp-image-2228\" srcset=\"https:\/\/in-frieden-kommen.de\/wp-content\/uploads\/2022\/05\/22-04-11_2-1024x472.jpg 1024w, https:\/\/in-frieden-kommen.de\/wp-content\/uploads\/2022\/05\/22-04-11_2-300x138.jpg 300w, https:\/\/in-frieden-kommen.de\/wp-content\/uploads\/2022\/05\/22-04-11_2-768x354.jpg 768w, https:\/\/in-frieden-kommen.de\/wp-content\/uploads\/2022\/05\/22-04-11_2-1536x708.jpg 1536w, https:\/\/in-frieden-kommen.de\/wp-content\/uploads\/2022\/05\/22-04-11_2-676x312.jpg 676w, https:\/\/in-frieden-kommen.de\/wp-content\/uploads\/2022\/05\/22-04-11_2.jpg 1600w\" sizes=\"auto, (max-width: 1024px) 100vw, 1024px\" \/><\/figure>\n\n\n\n<figure class=\"wp-block-image size-large\"><img loading=\"lazy\" decoding=\"async\" width=\"1024\" height=\"472\" data-id=\"2229\" src=\"https:\/\/in-frieden-kommen.de\/wp-content\/uploads\/2022\/05\/22-04-21_1-1024x472.jpg\" alt=\"\" class=\"wp-image-2229\" srcset=\"https:\/\/in-frieden-kommen.de\/wp-content\/uploads\/2022\/05\/22-04-21_1-1024x472.jpg 1024w, https:\/\/in-frieden-kommen.de\/wp-content\/uploads\/2022\/05\/22-04-21_1-300x138.jpg 300w, https:\/\/in-frieden-kommen.de\/wp-content\/uploads\/2022\/05\/22-04-21_1-768x354.jpg 768w, https:\/\/in-frieden-kommen.de\/wp-content\/uploads\/2022\/05\/22-04-21_1-676x312.jpg 676w, https:\/\/in-frieden-kommen.de\/wp-content\/uploads\/2022\/05\/22-04-21_1.jpg 1508w\" sizes=\"auto, (max-width: 1024px) 100vw, 1024px\" \/><\/figure>\n\n\n\n<figure class=\"wp-block-image size-large\"><img loading=\"lazy\" decoding=\"async\" width=\"1024\" height=\"768\" data-id=\"2230\" src=\"https:\/\/in-frieden-kommen.de\/wp-content\/uploads\/2022\/05\/IMG-20220505-WA0005-1-1024x768.jpg\" alt=\"\" class=\"wp-image-2230\" srcset=\"https:\/\/in-frieden-kommen.de\/wp-content\/uploads\/2022\/05\/IMG-20220505-WA0005-1-1024x768.jpg 1024w, https:\/\/in-frieden-kommen.de\/wp-content\/uploads\/2022\/05\/IMG-20220505-WA0005-1-300x225.jpg 300w, https:\/\/in-frieden-kommen.de\/wp-content\/uploads\/2022\/05\/IMG-20220505-WA0005-1-768x576.jpg 768w, https:\/\/in-frieden-kommen.de\/wp-content\/uploads\/2022\/05\/IMG-20220505-WA0005-1-1536x1152.jpg 1536w, https:\/\/in-frieden-kommen.de\/wp-content\/uploads\/2022\/05\/IMG-20220505-WA0005-1-676x507.jpg 676w, https:\/\/in-frieden-kommen.de\/wp-content\/uploads\/2022\/05\/IMG-20220505-WA0005-1.jpg 1600w\" sizes=\"auto, (max-width: 1024px) 100vw, 1024px\" \/><\/figure>\n\n\n\n<figure class=\"wp-block-image size-large\"><img loading=\"lazy\" decoding=\"async\" width=\"1024\" height=\"472\" data-id=\"2231\" src=\"https:\/\/in-frieden-kommen.de\/wp-content\/uploads\/2022\/05\/20220428_085559-1024x472.jpg\" alt=\"\" class=\"wp-image-2231\" srcset=\"https:\/\/in-frieden-kommen.de\/wp-content\/uploads\/2022\/05\/20220428_085559-1024x472.jpg 1024w, https:\/\/in-frieden-kommen.de\/wp-content\/uploads\/2022\/05\/20220428_085559-300x138.jpg 300w, https:\/\/in-frieden-kommen.de\/wp-content\/uploads\/2022\/05\/20220428_085559-768x354.jpg 768w, https:\/\/in-frieden-kommen.de\/wp-content\/uploads\/2022\/05\/20220428_085559-1536x709.jpg 1536w, https:\/\/in-frieden-kommen.de\/wp-content\/uploads\/2022\/05\/20220428_085559-2048x945.jpg 2048w, https:\/\/in-frieden-kommen.de\/wp-content\/uploads\/2022\/05\/20220428_085559-676x312.jpg 676w\" sizes=\"auto, (max-width: 1024px) 100vw, 1024px\" \/><\/figure>\n<\/figure>\n\n\n\n<p>Zu diesem positiven Beziehungsfeld geh\u00f6ren auch die vielen Menschen, die Teile des Wegs mit mir geteilt haben. Neben Freunden waren das auch wieder mir zu Beginn ganz unbekannte Mitpilgernde: es war spannend und sch\u00f6n, sich dann auf dem Weg sprechend &#8211; und schweigend &#8211; kennen zu lernen.<\/p>\n\n\n\n<figure class=\"wp-block-gallery has-nested-images columns-default is-cropped wp-block-gallery-6 is-layout-flex wp-block-gallery-is-layout-flex\">\n<figure class=\"wp-block-image size-large\"><img loading=\"lazy\" decoding=\"async\" width=\"1024\" height=\"768\" data-id=\"2257\" src=\"https:\/\/in-frieden-kommen.de\/wp-content\/uploads\/2022\/05\/XDVL3352-1024x768.jpg\" alt=\"\" class=\"wp-image-2257\" srcset=\"https:\/\/in-frieden-kommen.de\/wp-content\/uploads\/2022\/05\/XDVL3352-1024x768.jpg 1024w, https:\/\/in-frieden-kommen.de\/wp-content\/uploads\/2022\/05\/XDVL3352-300x225.jpg 300w, https:\/\/in-frieden-kommen.de\/wp-content\/uploads\/2022\/05\/XDVL3352-768x576.jpg 768w, https:\/\/in-frieden-kommen.de\/wp-content\/uploads\/2022\/05\/XDVL3352-1536x1152.jpg 1536w, https:\/\/in-frieden-kommen.de\/wp-content\/uploads\/2022\/05\/XDVL3352-676x507.jpg 676w, https:\/\/in-frieden-kommen.de\/wp-content\/uploads\/2022\/05\/XDVL3352.jpg 1600w\" sizes=\"auto, (max-width: 1024px) 100vw, 1024px\" \/><\/figure>\n\n\n\n<figure class=\"wp-block-image size-large\"><img loading=\"lazy\" decoding=\"async\" width=\"1024\" height=\"576\" data-id=\"2254\" src=\"https:\/\/in-frieden-kommen.de\/wp-content\/uploads\/2022\/05\/PHOTO-2022-04-12-20-45-28-1024x576.jpg\" alt=\"\" class=\"wp-image-2254\" srcset=\"https:\/\/in-frieden-kommen.de\/wp-content\/uploads\/2022\/05\/PHOTO-2022-04-12-20-45-28-1024x576.jpg 1024w, https:\/\/in-frieden-kommen.de\/wp-content\/uploads\/2022\/05\/PHOTO-2022-04-12-20-45-28-300x169.jpg 300w, https:\/\/in-frieden-kommen.de\/wp-content\/uploads\/2022\/05\/PHOTO-2022-04-12-20-45-28-768x432.jpg 768w, https:\/\/in-frieden-kommen.de\/wp-content\/uploads\/2022\/05\/PHOTO-2022-04-12-20-45-28-676x380.jpg 676w, https:\/\/in-frieden-kommen.de\/wp-content\/uploads\/2022\/05\/PHOTO-2022-04-12-20-45-28.jpg 1365w\" sizes=\"auto, (max-width: 1024px) 100vw, 1024px\" \/><\/figure>\n\n\n\n<figure class=\"wp-block-image size-large\"><img loading=\"lazy\" decoding=\"async\" width=\"1024\" height=\"768\" data-id=\"2238\" src=\"https:\/\/in-frieden-kommen.de\/wp-content\/uploads\/2022\/05\/IMG-20220415-WA0001.jpg\" alt=\"\" class=\"wp-image-2238\" srcset=\"https:\/\/in-frieden-kommen.de\/wp-content\/uploads\/2022\/05\/IMG-20220415-WA0001.jpg 1024w, https:\/\/in-frieden-kommen.de\/wp-content\/uploads\/2022\/05\/IMG-20220415-WA0001-300x225.jpg 300w, https:\/\/in-frieden-kommen.de\/wp-content\/uploads\/2022\/05\/IMG-20220415-WA0001-768x576.jpg 768w, https:\/\/in-frieden-kommen.de\/wp-content\/uploads\/2022\/05\/IMG-20220415-WA0001-676x507.jpg 676w\" sizes=\"auto, (max-width: 1024px) 100vw, 1024px\" \/><\/figure>\n\n\n\n<figure class=\"wp-block-image size-large\"><img loading=\"lazy\" decoding=\"async\" width=\"1024\" height=\"819\" data-id=\"2259\" src=\"https:\/\/in-frieden-kommen.de\/wp-content\/uploads\/2022\/05\/IMG_8945_quer-1024x819.jpg\" alt=\"\" class=\"wp-image-2259\" srcset=\"https:\/\/in-frieden-kommen.de\/wp-content\/uploads\/2022\/05\/IMG_8945_quer-1024x819.jpg 1024w, https:\/\/in-frieden-kommen.de\/wp-content\/uploads\/2022\/05\/IMG_8945_quer-300x240.jpg 300w, https:\/\/in-frieden-kommen.de\/wp-content\/uploads\/2022\/05\/IMG_8945_quer-768x615.jpg 768w, https:\/\/in-frieden-kommen.de\/wp-content\/uploads\/2022\/05\/IMG_8945_quer-1536x1229.jpg 1536w, https:\/\/in-frieden-kommen.de\/wp-content\/uploads\/2022\/05\/IMG_8945_quer-2048x1639.jpg 2048w, https:\/\/in-frieden-kommen.de\/wp-content\/uploads\/2022\/05\/IMG_8945_quer-676x541.jpg 676w\" sizes=\"auto, (max-width: 1024px) 100vw, 1024px\" \/><\/figure>\n\n\n\n<figure class=\"wp-block-image size-large\"><img loading=\"lazy\" decoding=\"async\" width=\"1024\" height=\"595\" data-id=\"2240\" src=\"https:\/\/in-frieden-kommen.de\/wp-content\/uploads\/2022\/05\/20220422_113512-1024x595.jpg\" alt=\"\" class=\"wp-image-2240\" srcset=\"https:\/\/in-frieden-kommen.de\/wp-content\/uploads\/2022\/05\/20220422_113512-1024x595.jpg 1024w, https:\/\/in-frieden-kommen.de\/wp-content\/uploads\/2022\/05\/20220422_113512-300x174.jpg 300w, https:\/\/in-frieden-kommen.de\/wp-content\/uploads\/2022\/05\/20220422_113512-768x447.jpg 768w, https:\/\/in-frieden-kommen.de\/wp-content\/uploads\/2022\/05\/20220422_113512-1536x893.jpg 1536w, https:\/\/in-frieden-kommen.de\/wp-content\/uploads\/2022\/05\/20220422_113512-2048x1191.jpg 2048w, https:\/\/in-frieden-kommen.de\/wp-content\/uploads\/2022\/05\/20220422_113512-676x393.jpg 676w\" sizes=\"auto, (max-width: 1024px) 100vw, 1024px\" \/><\/figure>\n\n\n\n<figure class=\"wp-block-image size-large\"><img loading=\"lazy\" decoding=\"async\" width=\"1024\" height=\"576\" data-id=\"2249\" src=\"https:\/\/in-frieden-kommen.de\/wp-content\/uploads\/2022\/05\/20220428_144905-1024x576.jpg\" alt=\"\" class=\"wp-image-2249\" srcset=\"https:\/\/in-frieden-kommen.de\/wp-content\/uploads\/2022\/05\/20220428_144905-1024x576.jpg 1024w, https:\/\/in-frieden-kommen.de\/wp-content\/uploads\/2022\/05\/20220428_144905-300x169.jpg 300w, https:\/\/in-frieden-kommen.de\/wp-content\/uploads\/2022\/05\/20220428_144905-768x432.jpg 768w, https:\/\/in-frieden-kommen.de\/wp-content\/uploads\/2022\/05\/20220428_144905-1536x864.jpg 1536w, https:\/\/in-frieden-kommen.de\/wp-content\/uploads\/2022\/05\/20220428_144905-2048x1152.jpg 2048w, https:\/\/in-frieden-kommen.de\/wp-content\/uploads\/2022\/05\/20220428_144905-676x380.jpg 676w\" sizes=\"auto, (max-width: 1024px) 100vw, 1024px\" \/><\/figure>\n\n\n\n<figure class=\"wp-block-image size-large\"><img loading=\"lazy\" decoding=\"async\" width=\"1024\" height=\"576\" data-id=\"2253\" src=\"https:\/\/in-frieden-kommen.de\/wp-content\/uploads\/2022\/05\/22-04-30_2-2-1024x576.webp\" alt=\"\" class=\"wp-image-2253\" srcset=\"https:\/\/in-frieden-kommen.de\/wp-content\/uploads\/2022\/05\/22-04-30_2-2-1024x576.webp 1024w, https:\/\/in-frieden-kommen.de\/wp-content\/uploads\/2022\/05\/22-04-30_2-2-300x169.webp 300w, https:\/\/in-frieden-kommen.de\/wp-content\/uploads\/2022\/05\/22-04-30_2-2-768x432.webp 768w, https:\/\/in-frieden-kommen.de\/wp-content\/uploads\/2022\/05\/22-04-30_2-2-1536x864.webp 1536w, https:\/\/in-frieden-kommen.de\/wp-content\/uploads\/2022\/05\/22-04-30_2-2-676x380.webp 676w, https:\/\/in-frieden-kommen.de\/wp-content\/uploads\/2022\/05\/22-04-30_2-2.webp 2048w\" sizes=\"auto, (max-width: 1024px) 100vw, 1024px\" \/><\/figure>\n\n\n\n<figure class=\"wp-block-image size-large\"><img loading=\"lazy\" decoding=\"async\" width=\"1024\" height=\"576\" data-id=\"2256\" src=\"https:\/\/in-frieden-kommen.de\/wp-content\/uploads\/2022\/05\/22-05-01_4-1-1024x576.webp\" alt=\"\" class=\"wp-image-2256\" srcset=\"https:\/\/in-frieden-kommen.de\/wp-content\/uploads\/2022\/05\/22-05-01_4-1-1024x576.webp 1024w, https:\/\/in-frieden-kommen.de\/wp-content\/uploads\/2022\/05\/22-05-01_4-1-300x169.webp 300w, https:\/\/in-frieden-kommen.de\/wp-content\/uploads\/2022\/05\/22-05-01_4-1-768x432.webp 768w, https:\/\/in-frieden-kommen.de\/wp-content\/uploads\/2022\/05\/22-05-01_4-1-1536x864.webp 1536w, https:\/\/in-frieden-kommen.de\/wp-content\/uploads\/2022\/05\/22-05-01_4-1-676x380.webp 676w, https:\/\/in-frieden-kommen.de\/wp-content\/uploads\/2022\/05\/22-05-01_4-1.webp 2048w\" sizes=\"auto, (max-width: 1024px) 100vw, 1024px\" \/><\/figure>\n\n\n\n<figure class=\"wp-block-image size-large\"><img loading=\"lazy\" decoding=\"async\" width=\"1024\" height=\"576\" data-id=\"2255\" src=\"https:\/\/in-frieden-kommen.de\/wp-content\/uploads\/2022\/05\/22-05-06_8-1-1024x576.webp\" alt=\"\" class=\"wp-image-2255\" srcset=\"https:\/\/in-frieden-kommen.de\/wp-content\/uploads\/2022\/05\/22-05-06_8-1-1024x576.webp 1024w, https:\/\/in-frieden-kommen.de\/wp-content\/uploads\/2022\/05\/22-05-06_8-1-300x169.webp 300w, https:\/\/in-frieden-kommen.de\/wp-content\/uploads\/2022\/05\/22-05-06_8-1-768x432.webp 768w, https:\/\/in-frieden-kommen.de\/wp-content\/uploads\/2022\/05\/22-05-06_8-1-1536x864.webp 1536w, https:\/\/in-frieden-kommen.de\/wp-content\/uploads\/2022\/05\/22-05-06_8-1-676x380.webp 676w, https:\/\/in-frieden-kommen.de\/wp-content\/uploads\/2022\/05\/22-05-06_8-1.webp 2048w\" sizes=\"auto, (max-width: 1024px) 100vw, 1024px\" \/><\/figure>\n\n\n\n<figure class=\"wp-block-image size-large\"><img loading=\"lazy\" decoding=\"async\" width=\"1024\" height=\"576\" data-id=\"2239\" src=\"https:\/\/in-frieden-kommen.de\/wp-content\/uploads\/2022\/05\/1651916778032-1024x576.jpg\" alt=\"\" class=\"wp-image-2239\" srcset=\"https:\/\/in-frieden-kommen.de\/wp-content\/uploads\/2022\/05\/1651916778032-1024x576.jpg 1024w, https:\/\/in-frieden-kommen.de\/wp-content\/uploads\/2022\/05\/1651916778032-300x169.jpg 300w, https:\/\/in-frieden-kommen.de\/wp-content\/uploads\/2022\/05\/1651916778032-768x432.jpg 768w, https:\/\/in-frieden-kommen.de\/wp-content\/uploads\/2022\/05\/1651916778032-1536x864.jpg 1536w, https:\/\/in-frieden-kommen.de\/wp-content\/uploads\/2022\/05\/1651916778032-2048x1152.jpg 2048w, https:\/\/in-frieden-kommen.de\/wp-content\/uploads\/2022\/05\/1651916778032-676x380.jpg 676w\" sizes=\"auto, (max-width: 1024px) 100vw, 1024px\" \/><\/figure>\n\n\n\n<figure class=\"wp-block-image size-large\"><img loading=\"lazy\" decoding=\"async\" width=\"1024\" height=\"768\" data-id=\"2233\" src=\"https:\/\/in-frieden-kommen.de\/wp-content\/uploads\/2022\/05\/20220508_112546-1024x768.jpg\" alt=\"\" class=\"wp-image-2233\" srcset=\"https:\/\/in-frieden-kommen.de\/wp-content\/uploads\/2022\/05\/20220508_112546-1024x768.jpg 1024w, https:\/\/in-frieden-kommen.de\/wp-content\/uploads\/2022\/05\/20220508_112546-300x225.jpg 300w, https:\/\/in-frieden-kommen.de\/wp-content\/uploads\/2022\/05\/20220508_112546-768x576.jpg 768w, https:\/\/in-frieden-kommen.de\/wp-content\/uploads\/2022\/05\/20220508_112546-1536x1152.jpg 1536w, https:\/\/in-frieden-kommen.de\/wp-content\/uploads\/2022\/05\/20220508_112546-2048x1536.jpg 2048w, https:\/\/in-frieden-kommen.de\/wp-content\/uploads\/2022\/05\/20220508_112546-676x507.jpg 676w\" sizes=\"auto, (max-width: 1024px) 100vw, 1024px\" \/><\/figure>\n<\/figure>\n\n\n\n<p>Durch Hilfsbereitschaft und Kreativit\u00e4t war auch die Vorbereitung des Projekts gekennzeichnet, durch die gesamte Fundraisinggruppe und die Menschen des WEG DER MITTE in Berlin, G\u00f6ttingen und Gerode &#8211; vorher, unterwegs und auch noch danach. Zu dem Dank an all diese Menschen geh\u00f6rt &#8211; und selten passt \u201elast but not least\u201c so gut wie hier &#8211; der ganz besondere Dank an Petra, die so viel Energie und Zeit f\u00fcr das Projekt eingesetzt hat, dass es gar nicht anders beschreibbar ist als: unerm\u00fcdlich und grenzenlos.<\/p>\n\n\n\n<figure class=\"wp-block-gallery has-nested-images columns-default is-cropped wp-block-gallery-7 is-layout-flex wp-block-gallery-is-layout-flex\">\n<figure class=\"wp-block-image size-large\"><img loading=\"lazy\" decoding=\"async\" width=\"1024\" height=\"768\" data-id=\"2261\" src=\"https:\/\/in-frieden-kommen.de\/wp-content\/uploads\/2022\/05\/20220508_150615-1024x768.jpg\" alt=\"\" class=\"wp-image-2261\" srcset=\"https:\/\/in-frieden-kommen.de\/wp-content\/uploads\/2022\/05\/20220508_150615-1024x768.jpg 1024w, https:\/\/in-frieden-kommen.de\/wp-content\/uploads\/2022\/05\/20220508_150615-300x225.jpg 300w, https:\/\/in-frieden-kommen.de\/wp-content\/uploads\/2022\/05\/20220508_150615-768x576.jpg 768w, https:\/\/in-frieden-kommen.de\/wp-content\/uploads\/2022\/05\/20220508_150615-1536x1152.jpg 1536w, https:\/\/in-frieden-kommen.de\/wp-content\/uploads\/2022\/05\/20220508_150615-2048x1536.jpg 2048w, https:\/\/in-frieden-kommen.de\/wp-content\/uploads\/2022\/05\/20220508_150615-676x507.jpg 676w\" sizes=\"auto, (max-width: 1024px) 100vw, 1024px\" \/><\/figure>\n\n\n\n<figure class=\"wp-block-image size-large\"><img loading=\"lazy\" decoding=\"async\" width=\"1024\" height=\"768\" data-id=\"2260\" src=\"https:\/\/in-frieden-kommen.de\/wp-content\/uploads\/2022\/05\/20220508_155611-1024x768.jpg\" alt=\"\" class=\"wp-image-2260\" srcset=\"https:\/\/in-frieden-kommen.de\/wp-content\/uploads\/2022\/05\/20220508_155611-1024x768.jpg 1024w, https:\/\/in-frieden-kommen.de\/wp-content\/uploads\/2022\/05\/20220508_155611-300x225.jpg 300w, https:\/\/in-frieden-kommen.de\/wp-content\/uploads\/2022\/05\/20220508_155611-768x576.jpg 768w, https:\/\/in-frieden-kommen.de\/wp-content\/uploads\/2022\/05\/20220508_155611-1536x1152.jpg 1536w, https:\/\/in-frieden-kommen.de\/wp-content\/uploads\/2022\/05\/20220508_155611-2048x1536.jpg 2048w, https:\/\/in-frieden-kommen.de\/wp-content\/uploads\/2022\/05\/20220508_155611-676x507.jpg 676w\" sizes=\"auto, (max-width: 1024px) 100vw, 1024px\" \/><\/figure>\n<\/figure>\n\n\n\n<p>Meine eigenen Grenzen allerdings habe ich in diesem Pilgern immer wieder kennen gelernt und musste ein gutes Umgehen daf\u00fcr finden. Die Vorbereitungen, besonders die aufwendigen und nicht immer erfolg- oder hilfreichen Pressekontakte, haben trotz aller Hilfe mehr Einsatz verlangt, als ich mir das vorgestellt hatte. Die Grenzen waren weniger in der k\u00f6rperlichen Leistungsf\u00e4higkeit sp\u00fcrbar als in der Notwendigkeit, einen bestimmten Energielevel zu halten, der ja nicht nur (so wie ich das kannte) meinen eigenen Weg und dessen Verarbeitung zu gew\u00e4hrleisten hatte, sondern auch noch an vielen Abenden f\u00fcr die Veranstaltungen und das \u201edrum rum\u201c reichen musste. Und da war es dann auch gut, immer wieder mal einen oder mehrere Tage alleine unterwegs zu sein, wo ich die Verantwortung nur f\u00fcr mich selbst hatte.<\/p>\n\n\n\n<p>Unterst\u00fctzend aber war immer das Bewusstsein, eingebettet zu sein in einer Gemeinschaft \u2013 auch da, wo ich alleine unterwegs war.<\/p>\n\n\n\n<p>Gerne w\u00fcrde ich hier auch schon den finanziellen Ertrag vermelden. Dies wird auf alle F\u00e4lle hier noch erfolgen. Aber da verst\u00e4ndlicherweise noch nicht alle (v.a. die km-Spenden) eingegangen sind und verbucht werden konnten, ist das Ergebnis nur vorl\u00e4ufig. Sicher kann gesagt werden, dass die finanzielle Unterst\u00fctzung \u00fcber Spenden deutlich mehr als 13000 EUR betr\u00e4gt. Und das ist auf alle F\u00e4lle ein sehr sch\u00f6nes Ergebnis, f\u00fcr das ich gerne auch hier schon den Dank an die Gebenden ausspreche.<\/p>\n\n\n\n<p>Ein Kuriosum bleibt anzuf\u00fcgen. Gerade mit der Spendenform, auf die ich selbst besonders gesetzt hatte, n\u00e4mlich auf das Angebot \u201eCoaching auf dem Pilgerweg\u201c ist das Ergebnis gleich Null. Ich mag auch das nicht abschlie\u00dfend bewerten. Die Richtung in die ich denke ist:<\/p>\n\n\n\n<p>Ich hatte auf die zahlungsf\u00e4hige Klientel in meinem jetzigen und fr\u00fcheren beruflichen Umfeld gesetzt, hatte den Weg \u00fcber meine Wirkungsfelder in Wolfsburg und Hannover gef\u00fchrt, das intensiv kommuniziert und beworben und ermutigende erste R\u00fcckmeldungen erhalten. Aber vielleicht ist diese Form der Beziehung nicht hinreichend f\u00fcr das, was wir da bewegen wollen?<\/p>\n\n\n\n<figure class=\"wp-block-gallery has-nested-images columns-default is-cropped wp-block-gallery-8 is-layout-flex wp-block-gallery-is-layout-flex\">\n<figure class=\"wp-block-image size-large\"><img loading=\"lazy\" decoding=\"async\" width=\"768\" height=\"1024\" data-id=\"2281\" src=\"https:\/\/in-frieden-kommen.de\/wp-content\/uploads\/2022\/05\/IMG_9798-768x1024.jpg\" alt=\"\" class=\"wp-image-2281\" srcset=\"https:\/\/in-frieden-kommen.de\/wp-content\/uploads\/2022\/05\/IMG_9798-768x1024.jpg 768w, https:\/\/in-frieden-kommen.de\/wp-content\/uploads\/2022\/05\/IMG_9798-225x300.jpg 225w, https:\/\/in-frieden-kommen.de\/wp-content\/uploads\/2022\/05\/IMG_9798-1152x1536.jpg 1152w, https:\/\/in-frieden-kommen.de\/wp-content\/uploads\/2022\/05\/IMG_9798-1536x2048.jpg 1536w, https:\/\/in-frieden-kommen.de\/wp-content\/uploads\/2022\/05\/IMG_9798-676x901.jpg 676w, https:\/\/in-frieden-kommen.de\/wp-content\/uploads\/2022\/05\/IMG_9798-scaled.jpg 1920w\" sizes=\"auto, (max-width: 768px) 100vw, 768px\" \/><\/figure>\n\n\n\n<figure class=\"wp-block-image size-large\"><img loading=\"lazy\" decoding=\"async\" width=\"2560\" height=\"1920\" data-id=\"2197\" src=\"https:\/\/in-frieden-kommen.de\/wp-content\/uploads\/2022\/05\/IMG_9839-scaled.jpg\" alt=\"\" class=\"wp-image-2197\" srcset=\"https:\/\/in-frieden-kommen.de\/wp-content\/uploads\/2022\/05\/IMG_9839-scaled.jpg 2560w, https:\/\/in-frieden-kommen.de\/wp-content\/uploads\/2022\/05\/IMG_9839-300x225.jpg 300w, https:\/\/in-frieden-kommen.de\/wp-content\/uploads\/2022\/05\/IMG_9839-1024x768.jpg 1024w, https:\/\/in-frieden-kommen.de\/wp-content\/uploads\/2022\/05\/IMG_9839-768x576.jpg 768w, https:\/\/in-frieden-kommen.de\/wp-content\/uploads\/2022\/05\/IMG_9839-1536x1152.jpg 1536w, https:\/\/in-frieden-kommen.de\/wp-content\/uploads\/2022\/05\/IMG_9839-2048x1536.jpg 2048w, https:\/\/in-frieden-kommen.de\/wp-content\/uploads\/2022\/05\/IMG_9839-676x507.jpg 676w\" sizes=\"auto, (max-width: 2560px) 100vw, 2560px\" \/><\/figure>\n\n\n\n<figure class=\"wp-block-image size-large\"><img loading=\"lazy\" decoding=\"async\" width=\"1920\" height=\"2560\" data-id=\"141\" src=\"https:\/\/in-frieden-kommen.de\/wp-content\/uploads\/2022\/01\/IMG_1261-scaled.jpg\" alt=\"\" class=\"wp-image-141\" srcset=\"https:\/\/in-frieden-kommen.de\/wp-content\/uploads\/2022\/01\/IMG_1261-scaled.jpg 1920w, https:\/\/in-frieden-kommen.de\/wp-content\/uploads\/2022\/01\/IMG_1261-225x300.jpg 225w, https:\/\/in-frieden-kommen.de\/wp-content\/uploads\/2022\/01\/IMG_1261-768x1024.jpg 768w, https:\/\/in-frieden-kommen.de\/wp-content\/uploads\/2022\/01\/IMG_1261-1152x1536.jpg 1152w, https:\/\/in-frieden-kommen.de\/wp-content\/uploads\/2022\/01\/IMG_1261-1536x2048.jpg 1536w, https:\/\/in-frieden-kommen.de\/wp-content\/uploads\/2022\/01\/IMG_1261-676x901.jpg 676w\" sizes=\"auto, (max-width: 1920px) 100vw, 1920px\" \/><\/figure>\n\n\n\n<figure class=\"wp-block-image size-large\"><img loading=\"lazy\" decoding=\"async\" width=\"1663\" height=\"2218\" data-id=\"2270\" src=\"https:\/\/in-frieden-kommen.de\/wp-content\/uploads\/2022\/05\/20220509_095109.jpg\" alt=\"\" class=\"wp-image-2270\" srcset=\"https:\/\/in-frieden-kommen.de\/wp-content\/uploads\/2022\/05\/20220509_095109.jpg 1663w, https:\/\/in-frieden-kommen.de\/wp-content\/uploads\/2022\/05\/20220509_095109-225x300.jpg 225w, https:\/\/in-frieden-kommen.de\/wp-content\/uploads\/2022\/05\/20220509_095109-768x1024.jpg 768w, https:\/\/in-frieden-kommen.de\/wp-content\/uploads\/2022\/05\/20220509_095109-1152x1536.jpg 1152w, https:\/\/in-frieden-kommen.de\/wp-content\/uploads\/2022\/05\/20220509_095109-1536x2048.jpg 1536w, https:\/\/in-frieden-kommen.de\/wp-content\/uploads\/2022\/05\/20220509_095109-676x902.jpg 676w\" sizes=\"auto, (max-width: 1663px) 100vw, 1663px\" \/><\/figure>\n\n\n\n<figure class=\"wp-block-image size-large\"><img loading=\"lazy\" decoding=\"async\" width=\"768\" height=\"1024\" data-id=\"2280\" src=\"https:\/\/in-frieden-kommen.de\/wp-content\/uploads\/2022\/05\/IMG_9771-768x1024.jpg\" alt=\"\" class=\"wp-image-2280\" srcset=\"https:\/\/in-frieden-kommen.de\/wp-content\/uploads\/2022\/05\/IMG_9771-768x1024.jpg 768w, https:\/\/in-frieden-kommen.de\/wp-content\/uploads\/2022\/05\/IMG_9771-225x300.jpg 225w, https:\/\/in-frieden-kommen.de\/wp-content\/uploads\/2022\/05\/IMG_9771-1152x1536.jpg 1152w, https:\/\/in-frieden-kommen.de\/wp-content\/uploads\/2022\/05\/IMG_9771-1536x2048.jpg 1536w, https:\/\/in-frieden-kommen.de\/wp-content\/uploads\/2022\/05\/IMG_9771-676x901.jpg 676w, https:\/\/in-frieden-kommen.de\/wp-content\/uploads\/2022\/05\/IMG_9771-scaled.jpg 1920w\" sizes=\"auto, (max-width: 768px) 100vw, 768px\" \/><\/figure>\n\n\n\n<figure class=\"wp-block-image size-large\"><img loading=\"lazy\" decoding=\"async\" width=\"768\" height=\"1024\" data-id=\"2282\" src=\"https:\/\/in-frieden-kommen.de\/wp-content\/uploads\/2022\/05\/IMG_9806-768x1024.jpg\" alt=\"\" class=\"wp-image-2282\" srcset=\"https:\/\/in-frieden-kommen.de\/wp-content\/uploads\/2022\/05\/IMG_9806-768x1024.jpg 768w, https:\/\/in-frieden-kommen.de\/wp-content\/uploads\/2022\/05\/IMG_9806-225x300.jpg 225w, https:\/\/in-frieden-kommen.de\/wp-content\/uploads\/2022\/05\/IMG_9806-1152x1536.jpg 1152w, https:\/\/in-frieden-kommen.de\/wp-content\/uploads\/2022\/05\/IMG_9806-1536x2048.jpg 1536w, https:\/\/in-frieden-kommen.de\/wp-content\/uploads\/2022\/05\/IMG_9806-676x901.jpg 676w, https:\/\/in-frieden-kommen.de\/wp-content\/uploads\/2022\/05\/IMG_9806-scaled.jpg 1920w\" sizes=\"auto, (max-width: 768px) 100vw, 768px\" \/><\/figure>\n<\/figure>\n\n\n\n<p>Mit meinem ganz pers\u00f6nlichen Res\u00fcmee der inneren Verarbeitung und Erkenntnis bin ich noch nicht fertig. Was schon angesprochen und klar erscheint:<\/p>\n\n\n\n<p>Das \u00e4u\u00dfere, immer wieder auch schwierige Feld darf nicht bestimmen \u00fcber die innere Orientierung; es muss klar gesehen, zur Kenntnis genommen und bewegt werden, denn es ist immer ein Spiegel f\u00fcr den inneren Weg. Die ermutigenden Erlebnisse von Offenheit und des Angenommen-Seins auf der Beziehungs-Ebene sind auf dieser Pilgerreise zentral. Und auch die geistige Dimension, etwas zu schaffen, was an die Grenzen der Energie geht.<\/p>\n\n\n\n<p>Danke an euch alle, die ihr das lest und teilt.<\/p>\n","protected":false},"excerpt":{"rendered":"<p>Der Kirchenraum im Kloster Gerode war nicht nur r\u00e4umliches, sondern auch ideelles Ziel der Reise: In dieser \u00fcberkonfessionellen Kirche des \u201eKlosters des 3. Jahrtausends\u201c sollen im Jahr 2024 die Feiern [&hellip;]<\/p>\n","protected":false},"author":1,"featured_media":0,"comment_status":"open","ping_status":"open","sticky":false,"template":"","format":"standard","meta":{"footnotes":""},"categories":[7],"tags":[8],"class_list":["post-2211","post","type-post","status-publish","format-standard","hentry","category-resuemee","tag-export","post-preview"],"_links":{"self":[{"href":"https:\/\/in-frieden-kommen.de\/in-frieden-kommen\/wp-json\/wp\/v2\/posts\/2211","targetHints":{"allow":["GET"]}}],"collection":[{"href":"https:\/\/in-frieden-kommen.de\/in-frieden-kommen\/wp-json\/wp\/v2\/posts"}],"about":[{"href":"https:\/\/in-frieden-kommen.de\/in-frieden-kommen\/wp-json\/wp\/v2\/types\/post"}],"author":[{"embeddable":true,"href":"https:\/\/in-frieden-kommen.de\/in-frieden-kommen\/wp-json\/wp\/v2\/users\/1"}],"replies":[{"embeddable":true,"href":"https:\/\/in-frieden-kommen.de\/in-frieden-kommen\/wp-json\/wp\/v2\/comments?post=2211"}],"version-history":[{"count":15,"href":"https:\/\/in-frieden-kommen.de\/in-frieden-kommen\/wp-json\/wp\/v2\/posts\/2211\/revisions"}],"predecessor-version":[{"id":2510,"href":"https:\/\/in-frieden-kommen.de\/in-frieden-kommen\/wp-json\/wp\/v2\/posts\/2211\/revisions\/2510"}],"wp:attachment":[{"href":"https:\/\/in-frieden-kommen.de\/in-frieden-kommen\/wp-json\/wp\/v2\/media?parent=2211"}],"wp:term":[{"taxonomy":"category","embeddable":true,"href":"https:\/\/in-frieden-kommen.de\/in-frieden-kommen\/wp-json\/wp\/v2\/categories?post=2211"},{"taxonomy":"post_tag","embeddable":true,"href":"https:\/\/in-frieden-kommen.de\/in-frieden-kommen\/wp-json\/wp\/v2\/tags?post=2211"}],"curies":[{"name":"wp","href":"https:\/\/api.w.org\/{rel}","templated":true}]}}