{"id":2128,"date":"2022-05-07T05:51:40","date_gmt":"2022-05-07T05:51:40","guid":{"rendered":"https:\/\/in-frieden-kommen.de\/?p=2128"},"modified":"2022-05-12T09:59:28","modified_gmt":"2022-05-12T09:59:28","slug":"28-pilgertag-von-northeim-nach-goettingen","status":"publish","type":"post","link":"https:\/\/in-frieden-kommen.de\/in-frieden-kommen\/28-pilgertag-von-northeim-nach-goettingen\/","title":{"rendered":"28. Pilgertag: von Northeim nach G\u00f6ttingen"},"content":{"rendered":"\n<p>Es schwingt noch das Erleben der Gastfreundschaft, der offenen Aufnahme inmitten der Familie in Utes Haus in mir nach, die intensiven Gespr\u00e4che am Abend und am Morgen, an dem dann mein Freund Matthias vor der T\u00fcr steht, mit dem Zug aus Kassel angereist. Wir machen uns p\u00fcnktlich auf den Weg, die Sonne scheint, und bringt das junge Gr\u00fcn der Bl\u00e4tter im Wald zum Leuchten. Es ist ein wundersch\u00f6ner Weg, meist am Waldrand entlang des H\u00f6henzugs nach S\u00fcden. Wir haben uns lange nicht gesehen, haben uns viel zu erz\u00e4hlen und mit dem geplanten Schweigen ist es nicht so weit her. Wir wundern uns wie schnell die Zeit vergeht, und wie weit wir nach gar nicht so langer Zeit schon gekommen waren. Nach einer l\u00e4ngeren Mittagspause machen wir uns wieder auf den Weg, um den letzten H\u00f6henzug nach Nikolausberg zu erklimmen, wo wir den Bus nach G\u00f6ttingen nehmen wollten. Das w\u00e4ren dann ziemlich genau 20 Kilometer gewesen.<\/p>\n\n\n\n<figure class=\"wp-block-gallery has-nested-images columns-default is-cropped wp-block-gallery-1 is-layout-flex wp-block-gallery-is-layout-flex\">\n<figure class=\"wp-block-image size-large\"><img loading=\"lazy\" decoding=\"async\" width=\"1024\" height=\"768\" data-id=\"2138\" src=\"https:\/\/in-frieden-kommen.de\/wp-content\/uploads\/2022\/05\/IMG-20220505-WA0005-1024x768.jpg\" alt=\"\" class=\"wp-image-2138\" srcset=\"https:\/\/in-frieden-kommen.de\/wp-content\/uploads\/2022\/05\/IMG-20220505-WA0005-1024x768.jpg 1024w, https:\/\/in-frieden-kommen.de\/wp-content\/uploads\/2022\/05\/IMG-20220505-WA0005-300x225.jpg 300w, https:\/\/in-frieden-kommen.de\/wp-content\/uploads\/2022\/05\/IMG-20220505-WA0005-768x576.jpg 768w, https:\/\/in-frieden-kommen.de\/wp-content\/uploads\/2022\/05\/IMG-20220505-WA0005-1536x1152.jpg 1536w, https:\/\/in-frieden-kommen.de\/wp-content\/uploads\/2022\/05\/IMG-20220505-WA0005-676x507.jpg 676w, https:\/\/in-frieden-kommen.de\/wp-content\/uploads\/2022\/05\/IMG-20220505-WA0005.jpg 1600w\" sizes=\"auto, (max-width: 1024px) 100vw, 1024px\" \/><\/figure>\n\n\n\n<figure class=\"wp-block-image size-large\"><img loading=\"lazy\" decoding=\"async\" width=\"1024\" height=\"576\" data-id=\"2131\" src=\"https:\/\/in-frieden-kommen.de\/wp-content\/uploads\/2022\/05\/22-05-06_1-1024x576.webp\" alt=\"\" class=\"wp-image-2131\" srcset=\"https:\/\/in-frieden-kommen.de\/wp-content\/uploads\/2022\/05\/22-05-06_1-1024x576.webp 1024w, https:\/\/in-frieden-kommen.de\/wp-content\/uploads\/2022\/05\/22-05-06_1-300x169.webp 300w, https:\/\/in-frieden-kommen.de\/wp-content\/uploads\/2022\/05\/22-05-06_1-768x432.webp 768w, https:\/\/in-frieden-kommen.de\/wp-content\/uploads\/2022\/05\/22-05-06_1-1536x864.webp 1536w, https:\/\/in-frieden-kommen.de\/wp-content\/uploads\/2022\/05\/22-05-06_1-676x380.webp 676w, https:\/\/in-frieden-kommen.de\/wp-content\/uploads\/2022\/05\/22-05-06_1.webp 2048w\" sizes=\"auto, (max-width: 1024px) 100vw, 1024px\" \/><\/figure>\n<\/figure>\n\n\n\n<p>Aber es sollte anders kommen: Bei Matthias, der sowieso seit einiger Zeit Schwierigkeiten mit dem Gehen hatte, hat sich eine Blutblase gebildet. Zun\u00e4chst m\u00f6chte er den Weg unbedingt noch zu Ende laufen, aber als ich meine starken Bedenken \u00e4u\u00dfere, ist er doch auch einverstanden, die n\u00e4chste Gelegenheit zu nutzen und schon ab Billingshausen mit dem Bus zu fahren. Ich selbst bin auch nicht wirklich ungl\u00fccklich dar\u00fcber, dass ich mir den steilen Berg mit dem Pilgerwagen ersparen kann. Und so sind wir recht fr\u00fch in G\u00f6ttingen angekommen, was mir die M\u00f6glichkeit gibt, mit dem Bus zu Ruth, meiner Gastgeberin dort zu fahren. Sie wohnt ganz oben am Stadtrand, genau dort, wo wir am n\u00e4chsten Tag den Weg nach Duderstadt fortsetzen werden.<\/p>\n\n\n\n<figure class=\"wp-block-gallery has-nested-images columns-default is-cropped wp-block-gallery-2 is-layout-flex wp-block-gallery-is-layout-flex\">\n<figure class=\"wp-block-image size-large\"><img loading=\"lazy\" decoding=\"async\" width=\"1024\" height=\"576\" data-id=\"2133\" src=\"https:\/\/in-frieden-kommen.de\/wp-content\/uploads\/2022\/05\/22-05-06_4-1024x576.webp\" alt=\"\" class=\"wp-image-2133\" srcset=\"https:\/\/in-frieden-kommen.de\/wp-content\/uploads\/2022\/05\/22-05-06_4-1024x576.webp 1024w, https:\/\/in-frieden-kommen.de\/wp-content\/uploads\/2022\/05\/22-05-06_4-300x169.webp 300w, https:\/\/in-frieden-kommen.de\/wp-content\/uploads\/2022\/05\/22-05-06_4-768x432.webp 768w, https:\/\/in-frieden-kommen.de\/wp-content\/uploads\/2022\/05\/22-05-06_4-1536x864.webp 1536w, https:\/\/in-frieden-kommen.de\/wp-content\/uploads\/2022\/05\/22-05-06_4-676x380.webp 676w, https:\/\/in-frieden-kommen.de\/wp-content\/uploads\/2022\/05\/22-05-06_4.webp 2048w\" sizes=\"auto, (max-width: 1024px) 100vw, 1024px\" \/><\/figure>\n\n\n\n<figure class=\"wp-block-image size-large\"><img loading=\"lazy\" decoding=\"async\" width=\"2048\" height=\"1152\" data-id=\"2130\" src=\"https:\/\/in-frieden-kommen.de\/wp-content\/uploads\/2022\/05\/22-05-06_2.webp\" alt=\"\" class=\"wp-image-2130\" srcset=\"https:\/\/in-frieden-kommen.de\/wp-content\/uploads\/2022\/05\/22-05-06_2.webp 2048w, https:\/\/in-frieden-kommen.de\/wp-content\/uploads\/2022\/05\/22-05-06_2-300x169.webp 300w, https:\/\/in-frieden-kommen.de\/wp-content\/uploads\/2022\/05\/22-05-06_2-1024x576.webp 1024w, https:\/\/in-frieden-kommen.de\/wp-content\/uploads\/2022\/05\/22-05-06_2-768x432.webp 768w, https:\/\/in-frieden-kommen.de\/wp-content\/uploads\/2022\/05\/22-05-06_2-1536x864.webp 1536w, https:\/\/in-frieden-kommen.de\/wp-content\/uploads\/2022\/05\/22-05-06_2-676x380.webp 676w\" sizes=\"auto, (max-width: 2048px) 100vw, 2048px\" \/><\/figure>\n\n\n\n<figure class=\"wp-block-image size-large\"><img loading=\"lazy\" decoding=\"async\" width=\"1024\" height=\"576\" data-id=\"2132\" src=\"https:\/\/in-frieden-kommen.de\/wp-content\/uploads\/2022\/05\/22-05-06_5-1024x576.webp\" alt=\"\" class=\"wp-image-2132\" srcset=\"https:\/\/in-frieden-kommen.de\/wp-content\/uploads\/2022\/05\/22-05-06_5-1024x576.webp 1024w, https:\/\/in-frieden-kommen.de\/wp-content\/uploads\/2022\/05\/22-05-06_5-300x169.webp 300w, https:\/\/in-frieden-kommen.de\/wp-content\/uploads\/2022\/05\/22-05-06_5-768x432.webp 768w, https:\/\/in-frieden-kommen.de\/wp-content\/uploads\/2022\/05\/22-05-06_5-1536x864.webp 1536w, https:\/\/in-frieden-kommen.de\/wp-content\/uploads\/2022\/05\/22-05-06_5-676x380.webp 676w, https:\/\/in-frieden-kommen.de\/wp-content\/uploads\/2022\/05\/22-05-06_5.webp 2048w\" sizes=\"auto, (max-width: 1024px) 100vw, 1024px\" \/><\/figure>\n<\/figure>\n\n\n\n<p>Die fr\u00fche Ankunft passt auch ganz gut, da am Abend ja noch die Veranstaltung im Yogazentrum vom Weg der Mitte ist. Wie zum Beginn der Reise in Berlin bin ich auch in G\u00f6ttingen zum ersten Mal in diesen sch\u00f6nen hellen R\u00e4umen. Es ist die letzte von &#8211; ich wei\u00df gar nicht mehr genau wie \u2013 vielen, und es wird ein sch\u00f6ner, passender Abschluss, bei dem es wieder m\u00f6glich war, gut miteinander ins Gespr\u00e4ch zu kommen zum Friedensthema und zum Pilgern und mit einer abschlie\u00dfenden Friedensmeditation.<\/p>\n\n\n\n<figure class=\"wp-block-gallery has-nested-images columns-default is-cropped wp-block-gallery-3 is-layout-flex wp-block-gallery-is-layout-flex\">\n<figure class=\"wp-block-image size-large\"><img loading=\"lazy\" decoding=\"async\" width=\"1024\" height=\"576\" data-id=\"2135\" src=\"https:\/\/in-frieden-kommen.de\/wp-content\/uploads\/2022\/05\/22-05-06_6-1024x576.webp\" alt=\"\" class=\"wp-image-2135\" srcset=\"https:\/\/in-frieden-kommen.de\/wp-content\/uploads\/2022\/05\/22-05-06_6-1024x576.webp 1024w, https:\/\/in-frieden-kommen.de\/wp-content\/uploads\/2022\/05\/22-05-06_6-300x169.webp 300w, https:\/\/in-frieden-kommen.de\/wp-content\/uploads\/2022\/05\/22-05-06_6-768x432.webp 768w, https:\/\/in-frieden-kommen.de\/wp-content\/uploads\/2022\/05\/22-05-06_6-1536x864.webp 1536w, https:\/\/in-frieden-kommen.de\/wp-content\/uploads\/2022\/05\/22-05-06_6-676x380.webp 676w, https:\/\/in-frieden-kommen.de\/wp-content\/uploads\/2022\/05\/22-05-06_6.webp 2048w\" sizes=\"auto, (max-width: 1024px) 100vw, 1024px\" \/><\/figure>\n\n\n\n<figure class=\"wp-block-image size-large\"><img loading=\"lazy\" decoding=\"async\" width=\"1024\" height=\"576\" data-id=\"2134\" src=\"https:\/\/in-frieden-kommen.de\/wp-content\/uploads\/2022\/05\/22-05-06_8-1024x576.webp\" alt=\"\" class=\"wp-image-2134\" srcset=\"https:\/\/in-frieden-kommen.de\/wp-content\/uploads\/2022\/05\/22-05-06_8-1024x576.webp 1024w, https:\/\/in-frieden-kommen.de\/wp-content\/uploads\/2022\/05\/22-05-06_8-300x169.webp 300w, https:\/\/in-frieden-kommen.de\/wp-content\/uploads\/2022\/05\/22-05-06_8-768x432.webp 768w, https:\/\/in-frieden-kommen.de\/wp-content\/uploads\/2022\/05\/22-05-06_8-1536x864.webp 1536w, https:\/\/in-frieden-kommen.de\/wp-content\/uploads\/2022\/05\/22-05-06_8-676x380.webp 676w, https:\/\/in-frieden-kommen.de\/wp-content\/uploads\/2022\/05\/22-05-06_8.webp 2048w\" sizes=\"auto, (max-width: 1024px) 100vw, 1024px\" \/><\/figure>\n<\/figure>\n\n\n\n<p>Diese Zeilen schreibe ich in dem ger\u00e4umigen Appartement, das Ruth und ihr Mann mir zur Verf\u00fcgung stellen mochten, eine sehr luxuri\u00f6se Pilgerunterkunft. Es ist auch ein seltsames Gef\u00fchl, zu wissen, dass ich nur noch 2 Tage unterwegs sein werden, dass die Pilgerreise unweigerlich ihrem Ende entgegen geht. Die treuen lesenden Begleiter des Blogs m\u00f6chte ich heute schon darauf einstimmen, dass der Bericht \u00fcber die letzten beiden Tage wahrscheinlich ein wenig Zeit brauchen wird und auch f\u00fcr ein zusammenfassendes Res\u00fcmee brauche ich wohl noch ein wenig Abstand. Ich hoffe trotzdem, dass es auch dann noch euer Interesse findet.<\/p>\n\n\n\n<p>Weg und Bildern in Komoot: <a href=\"https:\/\/www.komoot.de\/tour\/760186642?ref=avs&amp;share_token=aeQxrTkC57QRgrdm1NwjKLESEh45On1VU7f2HlKy7Z3i0CcPRw\">28. Pilgertag, von Northeim nach Billingshausen (G\u00f6ttingen)<\/a><\/p>\n\n\n\n<p><br><br><\/p>\n","protected":false},"excerpt":{"rendered":"<p>Es schwingt noch das Erleben der Gastfreundschaft, der offenen Aufnahme inmitten der Familie in Utes Haus in mir nach, die intensiven Gespr\u00e4che am Abend und am Morgen, an dem dann [&hellip;]<\/p>\n","protected":false},"author":1,"featured_media":0,"comment_status":"open","ping_status":"open","sticky":false,"template":"","format":"standard","meta":{"footnotes":""},"categories":[6],"tags":[],"class_list":["post-2128","post","type-post","status-publish","format-standard","hentry","category-pilgern_live","post-preview"],"_links":{"self":[{"href":"https:\/\/in-frieden-kommen.de\/in-frieden-kommen\/wp-json\/wp\/v2\/posts\/2128","targetHints":{"allow":["GET"]}}],"collection":[{"href":"https:\/\/in-frieden-kommen.de\/in-frieden-kommen\/wp-json\/wp\/v2\/posts"}],"about":[{"href":"https:\/\/in-frieden-kommen.de\/in-frieden-kommen\/wp-json\/wp\/v2\/types\/post"}],"author":[{"embeddable":true,"href":"https:\/\/in-frieden-kommen.de\/in-frieden-kommen\/wp-json\/wp\/v2\/users\/1"}],"replies":[{"embeddable":true,"href":"https:\/\/in-frieden-kommen.de\/in-frieden-kommen\/wp-json\/wp\/v2\/comments?post=2128"}],"version-history":[{"count":3,"href":"https:\/\/in-frieden-kommen.de\/in-frieden-kommen\/wp-json\/wp\/v2\/posts\/2128\/revisions"}],"predecessor-version":[{"id":2140,"href":"https:\/\/in-frieden-kommen.de\/in-frieden-kommen\/wp-json\/wp\/v2\/posts\/2128\/revisions\/2140"}],"wp:attachment":[{"href":"https:\/\/in-frieden-kommen.de\/in-frieden-kommen\/wp-json\/wp\/v2\/media?parent=2128"}],"wp:term":[{"taxonomy":"category","embeddable":true,"href":"https:\/\/in-frieden-kommen.de\/in-frieden-kommen\/wp-json\/wp\/v2\/categories?post=2128"},{"taxonomy":"post_tag","embeddable":true,"href":"https:\/\/in-frieden-kommen.de\/in-frieden-kommen\/wp-json\/wp\/v2\/tags?post=2128"}],"curies":[{"name":"wp","href":"https:\/\/api.w.org\/{rel}","templated":true}]}}