{"id":1825,"date":"2022-04-25T17:27:35","date_gmt":"2022-04-25T17:27:35","guid":{"rendered":"https:\/\/in-frieden-kommen.de\/?p=1825"},"modified":"2022-04-25T17:27:37","modified_gmt":"2022-04-25T17:27:37","slug":"15-pilgertag-von-koenigslutter-nach-braunschweig","status":"publish","type":"post","link":"https:\/\/in-frieden-kommen.de\/in-frieden-kommen\/15-pilgertag-von-koenigslutter-nach-braunschweig\/","title":{"rendered":"15. Pilgertag: von K\u00f6nigslutter nach Braunschweig"},"content":{"rendered":"\n<p>Nach einem geselligen Abschied von Colin und seiner Tochter und von gemeinsamen Freunden, die zu Besuch kamen, bin ich am Samstag Morgen wieder allein unterwegs. Der Weg am Rande des Elms war so sch\u00f6n wie das Wetter und die nun langsam aufbl\u00fchenden Rapsfelder. <\/p>\n\n\n\n<figure class=\"wp-block-gallery has-nested-images columns-default is-cropped wp-block-gallery-1 is-layout-flex wp-block-gallery-is-layout-flex\">\n<figure class=\"wp-block-image size-large\"><img loading=\"lazy\" decoding=\"async\" width=\"1024\" height=\"576\" data-id=\"1881\" src=\"https:\/\/in-frieden-kommen.de\/wp-content\/uploads\/2022\/04\/22-04-23_2-1024x576.webp\" alt=\"\" class=\"wp-image-1881\" srcset=\"https:\/\/in-frieden-kommen.de\/wp-content\/uploads\/2022\/04\/22-04-23_2-1024x576.webp 1024w, https:\/\/in-frieden-kommen.de\/wp-content\/uploads\/2022\/04\/22-04-23_2-300x169.webp 300w, https:\/\/in-frieden-kommen.de\/wp-content\/uploads\/2022\/04\/22-04-23_2-768x432.webp 768w, https:\/\/in-frieden-kommen.de\/wp-content\/uploads\/2022\/04\/22-04-23_2-1536x864.webp 1536w, https:\/\/in-frieden-kommen.de\/wp-content\/uploads\/2022\/04\/22-04-23_2-676x380.webp 676w, https:\/\/in-frieden-kommen.de\/wp-content\/uploads\/2022\/04\/22-04-23_2-1320x743.webp 1320w, https:\/\/in-frieden-kommen.de\/wp-content\/uploads\/2022\/04\/22-04-23_2.webp 2048w\" sizes=\"auto, (max-width: 1024px) 100vw, 1024px\" \/><\/figure>\n\n\n\n<figure class=\"wp-block-image size-large\"><img loading=\"lazy\" decoding=\"async\" width=\"1024\" height=\"576\" data-id=\"1880\" src=\"https:\/\/in-frieden-kommen.de\/wp-content\/uploads\/2022\/04\/22-04-23_3-1024x576.webp\" alt=\"\" class=\"wp-image-1880\" srcset=\"https:\/\/in-frieden-kommen.de\/wp-content\/uploads\/2022\/04\/22-04-23_3-1024x576.webp 1024w, https:\/\/in-frieden-kommen.de\/wp-content\/uploads\/2022\/04\/22-04-23_3-300x169.webp 300w, https:\/\/in-frieden-kommen.de\/wp-content\/uploads\/2022\/04\/22-04-23_3-768x432.webp 768w, https:\/\/in-frieden-kommen.de\/wp-content\/uploads\/2022\/04\/22-04-23_3-1536x864.webp 1536w, https:\/\/in-frieden-kommen.de\/wp-content\/uploads\/2022\/04\/22-04-23_3-676x380.webp 676w, https:\/\/in-frieden-kommen.de\/wp-content\/uploads\/2022\/04\/22-04-23_3-1320x743.webp 1320w, https:\/\/in-frieden-kommen.de\/wp-content\/uploads\/2022\/04\/22-04-23_3.webp 2048w\" sizes=\"auto, (max-width: 1024px) 100vw, 1024px\" \/><\/figure>\n\n\n\n<figure class=\"wp-block-image size-large\"><img loading=\"lazy\" decoding=\"async\" width=\"768\" height=\"1024\" data-id=\"1884\" src=\"https:\/\/in-frieden-kommen.de\/wp-content\/uploads\/2022\/04\/22-04-23_1-768x1024.jpg\" alt=\"\" class=\"wp-image-1884\" srcset=\"https:\/\/in-frieden-kommen.de\/wp-content\/uploads\/2022\/04\/22-04-23_1-768x1024.jpg 768w, https:\/\/in-frieden-kommen.de\/wp-content\/uploads\/2022\/04\/22-04-23_1-225x300.jpg 225w, https:\/\/in-frieden-kommen.de\/wp-content\/uploads\/2022\/04\/22-04-23_1-1152x1536.jpg 1152w, https:\/\/in-frieden-kommen.de\/wp-content\/uploads\/2022\/04\/22-04-23_1-676x901.jpg 676w, https:\/\/in-frieden-kommen.de\/wp-content\/uploads\/2022\/04\/22-04-23_1.jpg 1200w\" sizes=\"auto, (max-width: 768px) 100vw, 768px\" \/><\/figure>\n\n\n\n<figure class=\"wp-block-image size-large\"><img loading=\"lazy\" decoding=\"async\" width=\"576\" height=\"1024\" data-id=\"1886\" src=\"https:\/\/in-frieden-kommen.de\/wp-content\/uploads\/2022\/04\/22-04-23_1-576x1024.webp\" alt=\"\" class=\"wp-image-1886\" srcset=\"https:\/\/in-frieden-kommen.de\/wp-content\/uploads\/2022\/04\/22-04-23_1-576x1024.webp 576w, https:\/\/in-frieden-kommen.de\/wp-content\/uploads\/2022\/04\/22-04-23_1-169x300.webp 169w, https:\/\/in-frieden-kommen.de\/wp-content\/uploads\/2022\/04\/22-04-23_1-768x1365.webp 768w, https:\/\/in-frieden-kommen.de\/wp-content\/uploads\/2022\/04\/22-04-23_1-864x1536.webp 864w, https:\/\/in-frieden-kommen.de\/wp-content\/uploads\/2022\/04\/22-04-23_1-676x1202.webp 676w, https:\/\/in-frieden-kommen.de\/wp-content\/uploads\/2022\/04\/22-04-23_1.webp 1152w\" sizes=\"auto, (max-width: 576px) 100vw, 576px\" \/><\/figure>\n\n\n\n<figure class=\"wp-block-image size-large\"><img loading=\"lazy\" decoding=\"async\" width=\"576\" height=\"1024\" data-id=\"1882\" src=\"https:\/\/in-frieden-kommen.de\/wp-content\/uploads\/2022\/04\/22-04-23_4-576x1024.webp\" alt=\"\" class=\"wp-image-1882\" srcset=\"https:\/\/in-frieden-kommen.de\/wp-content\/uploads\/2022\/04\/22-04-23_4-576x1024.webp 576w, https:\/\/in-frieden-kommen.de\/wp-content\/uploads\/2022\/04\/22-04-23_4-169x300.webp 169w, https:\/\/in-frieden-kommen.de\/wp-content\/uploads\/2022\/04\/22-04-23_4-768x1365.webp 768w, https:\/\/in-frieden-kommen.de\/wp-content\/uploads\/2022\/04\/22-04-23_4-864x1536.webp 864w, https:\/\/in-frieden-kommen.de\/wp-content\/uploads\/2022\/04\/22-04-23_4-676x1202.webp 676w, https:\/\/in-frieden-kommen.de\/wp-content\/uploads\/2022\/04\/22-04-23_4.webp 1152w\" sizes=\"auto, (max-width: 576px) 100vw, 576px\" \/><\/figure>\n\n\n\n<figure class=\"wp-block-image size-large\"><img loading=\"lazy\" decoding=\"async\" width=\"576\" height=\"1024\" data-id=\"1885\" src=\"https:\/\/in-frieden-kommen.de\/wp-content\/uploads\/2022\/04\/22-04-23_5-1-576x1024.webp\" alt=\"\" class=\"wp-image-1885\" srcset=\"https:\/\/in-frieden-kommen.de\/wp-content\/uploads\/2022\/04\/22-04-23_5-1-576x1024.webp 576w, https:\/\/in-frieden-kommen.de\/wp-content\/uploads\/2022\/04\/22-04-23_5-1-169x300.webp 169w, https:\/\/in-frieden-kommen.de\/wp-content\/uploads\/2022\/04\/22-04-23_5-1-768x1365.webp 768w, https:\/\/in-frieden-kommen.de\/wp-content\/uploads\/2022\/04\/22-04-23_5-1-864x1536.webp 864w, https:\/\/in-frieden-kommen.de\/wp-content\/uploads\/2022\/04\/22-04-23_5-1-676x1202.webp 676w, https:\/\/in-frieden-kommen.de\/wp-content\/uploads\/2022\/04\/22-04-23_5-1.webp 1152w\" sizes=\"auto, (max-width: 576px) 100vw, 576px\" \/><\/figure>\n<\/figure>\n\n\n\n<p>Im Kloster Riddagshausen wurde ich erwartet und freundlich empfangen. Die ganze Klosteranlage und die umgebende Siedlung haben den Charme der vergangenen Jahrhunderte bewahren k\u00f6nnen. \u00dcbernachtet habe ich nach vielen privaten Einladungen diesmal wieder in einem Hotel in der N\u00e4he des Klosters.<\/p>\n\n\n\n<figure class=\"wp-block-gallery has-nested-images columns-default is-cropped wp-block-gallery-2 is-layout-flex wp-block-gallery-is-layout-flex\">\n<figure class=\"wp-block-image size-large\"><img loading=\"lazy\" decoding=\"async\" width=\"1024\" height=\"576\" data-id=\"1888\" src=\"https:\/\/in-frieden-kommen.de\/wp-content\/uploads\/2022\/04\/22-04-23_6-1024x576.webp\" alt=\"\" class=\"wp-image-1888\" srcset=\"https:\/\/in-frieden-kommen.de\/wp-content\/uploads\/2022\/04\/22-04-23_6-1024x576.webp 1024w, https:\/\/in-frieden-kommen.de\/wp-content\/uploads\/2022\/04\/22-04-23_6-300x169.webp 300w, https:\/\/in-frieden-kommen.de\/wp-content\/uploads\/2022\/04\/22-04-23_6-768x432.webp 768w, https:\/\/in-frieden-kommen.de\/wp-content\/uploads\/2022\/04\/22-04-23_6-1536x864.webp 1536w, https:\/\/in-frieden-kommen.de\/wp-content\/uploads\/2022\/04\/22-04-23_6-676x380.webp 676w, https:\/\/in-frieden-kommen.de\/wp-content\/uploads\/2022\/04\/22-04-23_6-1320x743.webp 1320w, https:\/\/in-frieden-kommen.de\/wp-content\/uploads\/2022\/04\/22-04-23_6.webp 2048w\" sizes=\"auto, (max-width: 1024px) 100vw, 1024px\" \/><\/figure>\n\n\n\n<figure class=\"wp-block-image size-large\"><img loading=\"lazy\" decoding=\"async\" width=\"1024\" height=\"576\" data-id=\"1887\" src=\"https:\/\/in-frieden-kommen.de\/wp-content\/uploads\/2022\/04\/22-04-23_8-1024x576.webp\" alt=\"\" class=\"wp-image-1887\" srcset=\"https:\/\/in-frieden-kommen.de\/wp-content\/uploads\/2022\/04\/22-04-23_8-1024x576.webp 1024w, https:\/\/in-frieden-kommen.de\/wp-content\/uploads\/2022\/04\/22-04-23_8-300x169.webp 300w, https:\/\/in-frieden-kommen.de\/wp-content\/uploads\/2022\/04\/22-04-23_8-768x432.webp 768w, https:\/\/in-frieden-kommen.de\/wp-content\/uploads\/2022\/04\/22-04-23_8-1536x864.webp 1536w, https:\/\/in-frieden-kommen.de\/wp-content\/uploads\/2022\/04\/22-04-23_8-676x380.webp 676w, https:\/\/in-frieden-kommen.de\/wp-content\/uploads\/2022\/04\/22-04-23_8-1320x743.webp 1320w, https:\/\/in-frieden-kommen.de\/wp-content\/uploads\/2022\/04\/22-04-23_8.webp 2048w\" sizes=\"auto, (max-width: 1024px) 100vw, 1024px\" \/><\/figure>\n<\/figure>\n\n\n\n<p>Weg und Bilder in Komoot: <a href=\"https:\/\/www.komoot.de\/tour\/747494390?ref=avs&amp;share_token=aMAIwzdjQckR6MWwVlUz8Dm3WswK3hsHc97jEh6EIBR7jg7CNN\">15. Pilgertag, von K\u00f6nigslutter (Rottorf) nach Braunschweig (Riddagshausen)<\/a><\/p>\n","protected":false},"excerpt":{"rendered":"<p>Nach einem geselligen Abschied von Colin und seiner Tochter und von gemeinsamen Freunden, die zu Besuch kamen, bin ich am Samstag Morgen wieder allein unterwegs. Der Weg am Rande des [&hellip;]<\/p>\n","protected":false},"author":1,"featured_media":0,"comment_status":"open","ping_status":"open","sticky":false,"template":"","format":"standard","meta":{"footnotes":""},"categories":[6],"tags":[],"class_list":["post-1825","post","type-post","status-publish","format-standard","hentry","category-pilgern_live","post-preview"],"_links":{"self":[{"href":"https:\/\/in-frieden-kommen.de\/in-frieden-kommen\/wp-json\/wp\/v2\/posts\/1825","targetHints":{"allow":["GET"]}}],"collection":[{"href":"https:\/\/in-frieden-kommen.de\/in-frieden-kommen\/wp-json\/wp\/v2\/posts"}],"about":[{"href":"https:\/\/in-frieden-kommen.de\/in-frieden-kommen\/wp-json\/wp\/v2\/types\/post"}],"author":[{"embeddable":true,"href":"https:\/\/in-frieden-kommen.de\/in-frieden-kommen\/wp-json\/wp\/v2\/users\/1"}],"replies":[{"embeddable":true,"href":"https:\/\/in-frieden-kommen.de\/in-frieden-kommen\/wp-json\/wp\/v2\/comments?post=1825"}],"version-history":[{"count":4,"href":"https:\/\/in-frieden-kommen.de\/in-frieden-kommen\/wp-json\/wp\/v2\/posts\/1825\/revisions"}],"predecessor-version":[{"id":1904,"href":"https:\/\/in-frieden-kommen.de\/in-frieden-kommen\/wp-json\/wp\/v2\/posts\/1825\/revisions\/1904"}],"wp:attachment":[{"href":"https:\/\/in-frieden-kommen.de\/in-frieden-kommen\/wp-json\/wp\/v2\/media?parent=1825"}],"wp:term":[{"taxonomy":"category","embeddable":true,"href":"https:\/\/in-frieden-kommen.de\/in-frieden-kommen\/wp-json\/wp\/v2\/categories?post=1825"},{"taxonomy":"post_tag","embeddable":true,"href":"https:\/\/in-frieden-kommen.de\/in-frieden-kommen\/wp-json\/wp\/v2\/tags?post=1825"}],"curies":[{"name":"wp","href":"https:\/\/api.w.org\/{rel}","templated":true}]}}